{"id":10031,"date":"2021-12-26T09:16:00","date_gmt":"2021-12-26T12:16:00","guid":{"rendered":"http:\/\/www.funceme.br\/?p=10031"},"modified":"2021-12-26T20:20:40","modified_gmt":"2021-12-26T23:20:40","slug":"ceara-tem-previsao-de-chuva-em-todas-as-macrorregioes-entre-domingo-26-e-segunda-feira-27","status":"publish","type":"post","link":"http:\/\/www.funceme.br\/?p=10031","title":{"rendered":"Cear\u00e1 t\u00eam previs\u00e3o de chuva em todas as macrorregi\u00f5es entre domingo (26) e segunda-feira (27)"},"content":{"rendered":"<div id=\"attachment_10032\" style=\"width: 760px\" class=\"wp-caption aligncenter\"><img aria-describedby=\"caption-attachment-10032\" decoding=\"async\" loading=\"lazy\" class=\"wp-image-10032\" src=\"http:\/\/www.funceme.br\/wp-content\/uploads\/2021\/12\/WhatsApp-Image-2021-12-26-at-19.18.37.jpeg\" alt=\"\u00c1reas de instabilidade, principalmente, dever\u00e3o seguir colaborando para precipita\u00e7\u00f5es (FOTO: Danilo Freitas)\" width=\"750\" height=\"563\" srcset=\"http:\/\/www.funceme.br\/wp-content\/uploads\/2021\/12\/WhatsApp-Image-2021-12-26-at-19.18.37.jpeg 1600w, http:\/\/www.funceme.br\/wp-content\/uploads\/2021\/12\/WhatsApp-Image-2021-12-26-at-19.18.37-600x450.jpeg 600w, http:\/\/www.funceme.br\/wp-content\/uploads\/2021\/12\/WhatsApp-Image-2021-12-26-at-19.18.37-1200x900.jpeg 1200w, http:\/\/www.funceme.br\/wp-content\/uploads\/2021\/12\/WhatsApp-Image-2021-12-26-at-19.18.37-768x576.jpeg 768w, http:\/\/www.funceme.br\/wp-content\/uploads\/2021\/12\/WhatsApp-Image-2021-12-26-at-19.18.37-1536x1152.jpeg 1536w\" sizes=\"(max-width: 750px) 100vw, 750px\" \/><p id=\"caption-attachment-10032\" class=\"wp-caption-text\"><em><span style=\"color: #6b6b6b;\">\u00c1reas de instabilidade, principalmente, dever\u00e3o seguir colaborando para precipita\u00e7\u00f5es (FOTO: Danilo Freitas)<\/span><\/em><\/p><\/div>\n<p><span style=\"font-weight: 300;\">O Cear\u00e1 deve seguir com condi\u00e7\u00f5es para chuvas em todas as macrorregi\u00f5es entre domingo (26) e esta segunda-feira (27), conforme an\u00e1lise realizada pela Funda\u00e7\u00e3o Cearense de Meteorologia e Recursos H\u00eddricos (Funceme).<\/span><\/p>\n<p><span style=\"font-weight: 300;\">A tend\u00eancia \u00e9 que o sul do Estado, o litoral e a Ibiapaba concentrem os maiores e mais abrangentes acumulados em ambos os dias. O c\u00e9u dever\u00e1 permanecer variando entre nublado e parcialmente nublado sobre todo o territ\u00f3rio.<\/span><\/p>\n<p><span style=\"font-weight: 300;\">Para o domingo, em virtudes da forma\u00e7\u00e3o de \u00e1reas de instabilidade, efeitos locais (temperatura, relevo e disponibilidade de umidade), bem como a brisa mar\u00edtima, as macrorregi\u00f5es do Cariri, da Jaguaribana, da Ibiapaba e do Sert\u00e3o Central e Inhamuns t\u00eam previs\u00e3o de chuva ao longo do dia, onde os maiores acumulados poder\u00e3o ocorrer entre \u00e0 tarde e \u00e0 noite. A chuva prevista para essas regi\u00f5es dever\u00e1 acontecer de forma mais abrangente, de car\u00e1ter intermitente com intensidade variando de fraca a forte.<\/span><\/p>\n<p><span style=\"font-weight: 300;\">A Funceme indica ainda que, para hoje, as demais regi\u00f5es permanecem com alta possibilidade de chuva, no entanto, com registros de forma mais isolada e passageira, com intensidade variando de fraca a moderada, ocasionalmente forte ao longo dia, especialmente, entre a manh\u00e3 e\u00a0 tarde.\u00a0\u00a0<\/span><\/p>\n<p><span style=\"font-weight: 300;\">J\u00e1 para segunda, quando o cen\u00e1rio dever\u00e1 permanecer semelhante, a tend\u00eancia \u00e9 de precipita\u00e7\u00f5es no Cariri, no Sert\u00e3o Central e Inhamuns e nos litorais de Fortaleza e Pec\u00e9m, sendo os maiores acumulados previstos dever\u00e3o se concentrar entre a madrugada e manh\u00e3. A chuva prevista poder\u00e1 ocorrer de forma mais abrangente, de car\u00e1ter intermitente com intensidade variando de fraca a forte. Para as demais regi\u00f5es, chuva de car\u00e1ter isolada e passageira.\u00a0<\/span><\/p>\n","protected":false},"excerpt":{"rendered":"<p>O Cear\u00e1 deve seguir com condi\u00e7\u00f5es para chuvas em todas as macrorregi\u00f5es entre domingo (26) e esta segunda-feira (27), conforme an\u00e1lise realizada pela Funda\u00e7\u00e3o Cearense de Meteorologia e Recursos H\u00eddricos (Funceme).<\/p>\n","protected":false},"author":4,"featured_media":10032,"comment_status":"closed","ping_status":"open","sticky":false,"template":"","format":"standard","meta":[],"categories":[81,15],"tags":[57,47,357],"acf":[],"_links":{"self":[{"href":"http:\/\/www.funceme.br\/index.php?rest_route=\/wp\/v2\/posts\/10031"}],"collection":[{"href":"http:\/\/www.funceme.br\/index.php?rest_route=\/wp\/v2\/posts"}],"about":[{"href":"http:\/\/www.funceme.br\/index.php?rest_route=\/wp\/v2\/types\/post"}],"author":[{"embeddable":true,"href":"http:\/\/www.funceme.br\/index.php?rest_route=\/wp\/v2\/users\/4"}],"replies":[{"embeddable":true,"href":"http:\/\/www.funceme.br\/index.php?rest_route=%2Fwp%2Fv2%2Fcomments&post=10031"}],"version-history":[{"count":1,"href":"http:\/\/www.funceme.br\/index.php?rest_route=\/wp\/v2\/posts\/10031\/revisions"}],"predecessor-version":[{"id":10033,"href":"http:\/\/www.funceme.br\/index.php?rest_route=\/wp\/v2\/posts\/10031\/revisions\/10033"}],"wp:featuredmedia":[{"embeddable":true,"href":"http:\/\/www.funceme.br\/index.php?rest_route=\/wp\/v2\/media\/10032"}],"wp:attachment":[{"href":"http:\/\/www.funceme.br\/index.php?rest_route=%2Fwp%2Fv2%2Fmedia&parent=10031"}],"wp:term":[{"taxonomy":"category","embeddable":true,"href":"http:\/\/www.funceme.br\/index.php?rest_route=%2Fwp%2Fv2%2Fcategories&post=10031"},{"taxonomy":"post_tag","embeddable":true,"href":"http:\/\/www.funceme.br\/index.php?rest_route=%2Fwp%2Fv2%2Ftags&post=10031"}],"curies":[{"name":"wp","href":"https:\/\/api.w.org\/{rel}","templated":true}]}}