{"id":10077,"date":"2022-01-01T17:16:11","date_gmt":"2022-01-01T20:16:11","guid":{"rendered":"http:\/\/www.funceme.br\/?p=10077"},"modified":"2022-01-02T08:20:55","modified_gmt":"2022-01-02T11:20:55","slug":"ceara-deve-seguir-com-cenario-favoravel-a-chuvas-em-todas-as-macrorregioes-ate-esta-segunda-feira-3","status":"publish","type":"post","link":"http:\/\/www.funceme.br\/?p=10077","title":{"rendered":"Cear\u00e1 deve seguir com cen\u00e1rio favor\u00e1vel a chuvas em todas as macrorregi\u00f5es at\u00e9 esta segunda-feira (3)"},"content":{"rendered":"<div id=\"attachment_10078\" style=\"width: 760px\" class=\"wp-caption aligncenter\"><img aria-describedby=\"caption-attachment-10078\" decoding=\"async\" loading=\"lazy\" class=\"wp-image-10078\" src=\"http:\/\/www.funceme.br\/wp-content\/uploads\/2022\/01\/WhatsApp-Image-2021-12-28-at-16.37.45.jpeg\" alt=\"\u00c1reas de instabilidade t\u00eam colaborada para chuvas no Cear\u00e1 (FOTO: Marciel Bezerra)\" width=\"750\" height=\"421\" srcset=\"http:\/\/www.funceme.br\/wp-content\/uploads\/2022\/01\/WhatsApp-Image-2021-12-28-at-16.37.45.jpeg 1280w, http:\/\/www.funceme.br\/wp-content\/uploads\/2022\/01\/WhatsApp-Image-2021-12-28-at-16.37.45-600x337.jpeg 600w, http:\/\/www.funceme.br\/wp-content\/uploads\/2022\/01\/WhatsApp-Image-2021-12-28-at-16.37.45-1200x673.jpeg 1200w, http:\/\/www.funceme.br\/wp-content\/uploads\/2022\/01\/WhatsApp-Image-2021-12-28-at-16.37.45-768x431.jpeg 768w\" sizes=\"(max-width: 750px) 100vw, 750px\" \/><p id=\"caption-attachment-10078\" class=\"wp-caption-text\"><span style=\"color: #6b6b6b;\"><em>\u00c1reas de instabilidade t\u00eam colaborada para chuvas no Cear\u00e1 (FOTO: Marciel Bezerra)<\/em><\/span><\/p><\/div>\n<p style=\"text-align: justify;\">O in\u00edcio de 2022 dever\u00e1 seguir com condi\u00e7\u00f5es favor\u00e1veis a chuvas em todas as macrorregi\u00f5es, pelo menos at\u00e9 a pr\u00f3xima segunda-feira (3).<\/p>\n<p style=\"text-align: justify;\">De acordo com a Funda\u00e7\u00e3o Cearense de Meteorologia e Recursos H\u00eddricos (Funceme), para este domingo (2), a previs\u00e3o \u00e9 de c\u00e9u variando entre nublado e parcialmente nublado com precipita\u00e7\u00f5es em todas as regi\u00f5es, principalmente no per\u00edodo da manh\u00e3 e da noite, com chuvas mais intensas nas macrorregi\u00f5es do Cariri, sul do Sert\u00e3o Central e Inhamuns e Ibiapaba. No litoral, os maiores acumulados dever\u00e3o ser registrados entre madrugada e manh\u00e3.<\/p>\n<p style=\"text-align: justify;\">Para segunda, a Funceme indica previs\u00e3o semelhante.<\/p>\n","protected":false},"excerpt":{"rendered":"<p>O in\u00edcio de 2022 dever\u00e1 seguir com condi\u00e7\u00f5es favor\u00e1veis a chuvas em todas as macrorregi\u00f5es, pelo menos at\u00e9 a pr\u00f3xima segunda-feira (3).<\/p>\n","protected":false},"author":4,"featured_media":0,"comment_status":"closed","ping_status":"open","sticky":false,"template":"","format":"standard","meta":[],"categories":[81,15],"tags":[],"acf":[],"_links":{"self":[{"href":"http:\/\/www.funceme.br\/index.php?rest_route=\/wp\/v2\/posts\/10077"}],"collection":[{"href":"http:\/\/www.funceme.br\/index.php?rest_route=\/wp\/v2\/posts"}],"about":[{"href":"http:\/\/www.funceme.br\/index.php?rest_route=\/wp\/v2\/types\/post"}],"author":[{"embeddable":true,"href":"http:\/\/www.funceme.br\/index.php?rest_route=\/wp\/v2\/users\/4"}],"replies":[{"embeddable":true,"href":"http:\/\/www.funceme.br\/index.php?rest_route=%2Fwp%2Fv2%2Fcomments&post=10077"}],"version-history":[{"count":1,"href":"http:\/\/www.funceme.br\/index.php?rest_route=\/wp\/v2\/posts\/10077\/revisions"}],"predecessor-version":[{"id":10079,"href":"http:\/\/www.funceme.br\/index.php?rest_route=\/wp\/v2\/posts\/10077\/revisions\/10079"}],"wp:attachment":[{"href":"http:\/\/www.funceme.br\/index.php?rest_route=%2Fwp%2Fv2%2Fmedia&parent=10077"}],"wp:term":[{"taxonomy":"category","embeddable":true,"href":"http:\/\/www.funceme.br\/index.php?rest_route=%2Fwp%2Fv2%2Fcategories&post=10077"},{"taxonomy":"post_tag","embeddable":true,"href":"http:\/\/www.funceme.br\/index.php?rest_route=%2Fwp%2Fv2%2Ftags&post=10077"}],"curies":[{"name":"wp","href":"https:\/\/api.w.org\/{rel}","templated":true}]}}