{"id":10159,"date":"2022-01-17T10:38:26","date_gmt":"2022-01-17T13:38:26","guid":{"rendered":"http:\/\/www.funceme.br\/?p=10159"},"modified":"2022-01-17T12:01:25","modified_gmt":"2022-01-17T15:01:25","slug":"chove-em-mais-de-70-municipios-no-ceara-nas-ultimas-24-horas","status":"publish","type":"post","link":"http:\/\/www.funceme.br\/?p=10159","title":{"rendered":"Chove em cerca de 80 munic\u00edpios no Cear\u00e1 entre domingo (16) e segunda-feira (17)"},"content":{"rendered":"<div id=\"attachment_10160\" style=\"width: 780px\" class=\"wp-caption aligncenter\"><img aria-describedby=\"caption-attachment-10160\" decoding=\"async\" loading=\"lazy\" class=\"size-full wp-image-10160\" src=\"http:\/\/www.funceme.br\/wp-content\/uploads\/2022\/01\/WhatsApp-Image-2022-01-17-at-10.31.20-e1642426459759.jpeg\" alt=\"Chuvas com mais de 80mil\u00edmetros no Cear\u00e1. (Foto: Marciel Bezerra)\" width=\"770\" height=\"433\" \/><p id=\"caption-attachment-10160\" class=\"wp-caption-text\"><span style=\"color: #6b6b6b;\"><em>Estado apresentou chuvas com mais de 80 mil\u00edmetros no Cear\u00e1. (Foto: Marciel Bezerra)<\/em><\/span><\/p><\/div>\n<p><span style=\"font-weight: 400;\">O Estado do Cear\u00e1 registrou, no que se refere ao intervalo de 7 de domingo (16) e as 7h segunda-feira (17), precipita\u00e7\u00f5es em 79 munic\u00edpios, de acordo com relat\u00f3rio parcial da Funda\u00e7\u00e3o Cearense de Meteorologia e Recursos H\u00eddricos (Funceme).<\/span><\/p>\n<p><span style=\"font-weight: 400;\">Os acumulados chegam at\u00e9 82,2 mil\u00edmetros, no munic\u00edpio de S\u00e3o Gon\u00e7alo do Amarante, posto Croat\u00e1. Os demais destaques observados foram:<\/span><\/p>\n<p><span style=\"font-weight: 400;\">-S\u00e3o Gon\u00e7alo do Amarante (Posto: S\u00e3o Gon\u00e7alo do Amarante): 55mm<br \/>\n<\/span><span style=\"font-weight: 400;\">-Aracoiaba (Posto: Sede): 53.8mm<br \/>\n<\/span><span style=\"font-weight: 400;\">-Caridade (Posto: Sede): 50mm<br \/>\n<\/span><span style=\"font-weight: 400;\">-Capistrano (Posto: Sede): 48mm<\/span><\/p>\n<p><span style=\"font-weight: 400;\">Os dados s\u00e3o parciais e podem sofrer altera\u00e7\u00f5es no decorrer do dia. Para acompanhar, basta acessar: <a href=\"http:\/\/www.funceme.br\/calendario\">funceme.br\/calendario<\/a>.<\/span><\/p>\n","protected":false},"excerpt":{"rendered":"<p>O Estado do Cear\u00e1 registrou, no que se refere ao intervalo de 7 de domingo (16) e as 7h segunda-feira (17), precipita\u00e7\u00f5es em 79 munic\u00edpios, de acordo com relat\u00f3rio parcial da Funda\u00e7\u00e3o Cearense de Meteorologia e Recursos H\u00eddricos (Funceme).<\/p>\n","protected":false},"author":7,"featured_media":10160,"comment_status":"closed","ping_status":"open","sticky":false,"template":"","format":"standard","meta":[],"categories":[81,15],"tags":[403,57,74,82],"acf":[],"_links":{"self":[{"href":"http:\/\/www.funceme.br\/index.php?rest_route=\/wp\/v2\/posts\/10159"}],"collection":[{"href":"http:\/\/www.funceme.br\/index.php?rest_route=\/wp\/v2\/posts"}],"about":[{"href":"http:\/\/www.funceme.br\/index.php?rest_route=\/wp\/v2\/types\/post"}],"author":[{"embeddable":true,"href":"http:\/\/www.funceme.br\/index.php?rest_route=\/wp\/v2\/users\/7"}],"replies":[{"embeddable":true,"href":"http:\/\/www.funceme.br\/index.php?rest_route=%2Fwp%2Fv2%2Fcomments&post=10159"}],"version-history":[{"count":4,"href":"http:\/\/www.funceme.br\/index.php?rest_route=\/wp\/v2\/posts\/10159\/revisions"}],"predecessor-version":[{"id":10168,"href":"http:\/\/www.funceme.br\/index.php?rest_route=\/wp\/v2\/posts\/10159\/revisions\/10168"}],"wp:featuredmedia":[{"embeddable":true,"href":"http:\/\/www.funceme.br\/index.php?rest_route=\/wp\/v2\/media\/10160"}],"wp:attachment":[{"href":"http:\/\/www.funceme.br\/index.php?rest_route=%2Fwp%2Fv2%2Fmedia&parent=10159"}],"wp:term":[{"taxonomy":"category","embeddable":true,"href":"http:\/\/www.funceme.br\/index.php?rest_route=%2Fwp%2Fv2%2Fcategories&post=10159"},{"taxonomy":"post_tag","embeddable":true,"href":"http:\/\/www.funceme.br\/index.php?rest_route=%2Fwp%2Fv2%2Ftags&post=10159"}],"curies":[{"name":"wp","href":"https:\/\/api.w.org\/{rel}","templated":true}]}}