{"id":10263,"date":"2022-02-07T15:00:30","date_gmt":"2022-02-07T18:00:30","guid":{"rendered":"http:\/\/www.funceme.br\/?p=10263"},"modified":"2022-02-07T15:00:30","modified_gmt":"2022-02-07T18:00:30","slug":"com-melhor-resultado-desde-2011-pre-estacao-termina-com-chuvas-acima-da-media","status":"publish","type":"post","link":"http:\/\/www.funceme.br\/?p=10263","title":{"rendered":"Com melhor resultado desde 2011, Pr\u00e9-Esta\u00e7\u00e3o termina com chuvas acima da m\u00e9dia"},"content":{"rendered":"<div id=\"attachment_10264\" style=\"width: 760px\" class=\"wp-caption aligncenter\"><img aria-describedby=\"caption-attachment-10264\" decoding=\"async\" loading=\"lazy\" class=\"wp-image-10264\" src=\"http:\/\/www.funceme.br\/wp-content\/uploads\/2022\/02\/WhatsApp-Image-2022-01-29-at-05.48.05.jpeg\" alt=\"Cariri foi a regi\u00e3o com maior acumulado m\u00e9dio (FOTO: Marciel Bezerra)\" width=\"750\" height=\"422\" srcset=\"http:\/\/www.funceme.br\/wp-content\/uploads\/2022\/02\/WhatsApp-Image-2022-01-29-at-05.48.05.jpeg 1600w, http:\/\/www.funceme.br\/wp-content\/uploads\/2022\/02\/WhatsApp-Image-2022-01-29-at-05.48.05-600x338.jpeg 600w, http:\/\/www.funceme.br\/wp-content\/uploads\/2022\/02\/WhatsApp-Image-2022-01-29-at-05.48.05-1200x675.jpeg 1200w, http:\/\/www.funceme.br\/wp-content\/uploads\/2022\/02\/WhatsApp-Image-2022-01-29-at-05.48.05-768x432.jpeg 768w, http:\/\/www.funceme.br\/wp-content\/uploads\/2022\/02\/WhatsApp-Image-2022-01-29-at-05.48.05-1536x864.jpeg 1536w\" sizes=\"(max-width: 750px) 100vw, 750px\" \/><p id=\"caption-attachment-10264\" class=\"wp-caption-text\"><span style=\"color: #6b6b6b;\"><em>Cariri foi a regi\u00e3o com maior acumulado m\u00e9dio (FOTO: Marciel Bezerra)<\/em><\/span><\/p><\/div>\n<p style=\"text-align: justify;\"><span style=\"font-weight: 300;\">A <\/span><b>Pr\u00e9-Esta\u00e7\u00e3o 2021\/22<\/b><span style=\"font-weight: 300;\"> no Cear\u00e1 terminou acima da m\u00e9dia. Os dados da Funda\u00e7\u00e3o Cearense de Meteorologia e Recursos H\u00eddricos (Funceme) indicam que o acumulado foi de <\/span><b>210,3 mil\u00edmetros<\/b><span style=\"font-weight: 300;\">, o que representa <\/span><b>61,4% acima da normalidade<\/b><span style=\"font-weight: 300;\">.<\/span><\/p>\n<p style=\"text-align: justify;\"><span style=\"font-weight: 300;\">Entre dezembro e janeiro, somente o Litoral Norte apresentou precipita\u00e7\u00f5es dentro da normal hist\u00f3rica. A macrorregi\u00e3o mais chuvosa foi o Cariri, no sul do Estado, onde o acumulado bimestral foi de 360,3 mm, representando um desvio positivo de 67,1%.<\/span><\/p>\n<p style=\"text-align: justify;\"><span style=\"font-weight: 300;\">O resultado da Pr\u00e9-Esta\u00e7\u00e3o foi, inclusive, o melhor desde o\u00a0 mesmo per\u00edodo entre <strong>2010\/2011<\/strong>, quando o resultado foi de\u00a0 295,5 mil\u00edmetros.<\/span><\/p>\n<p style=\"text-align: justify;\"><span style=\"font-weight: 300;\">\u201cEm termos gerais, o per\u00edodo foi marcado pela atua\u00e7\u00e3o da <strong>Zona de Converg\u00eancia do Atl\u00e2ntico Sul (ZCAS)<\/strong> que esteve posicionada pr\u00f3ximo ao sul do nordeste do Brasil (na altura da Bahia) e pela presen\u00e7a do V\u00f3rtice Cicl\u00f4nico de Altos N\u00edveis (VCAN). Entre a segunda metade de dezembro e a primeira quinzena de janeiro, houve epis\u00f3dios de ZCAS pr\u00f3ximo ao sul do Nordeste do Brasil, que influenciaram na forma\u00e7\u00e3o de \u00e1reas instabilidade sobre o estado, as quais ocasionaram chuvas em boa parte dos munic\u00edpios cearenses\u201d, explica o meteorologista Bruno Rodrigues.<\/span><\/p>\n<p style=\"text-align: justify;\"><span style=\"font-weight: 300;\">J\u00e1 a partir da segunda quinzena de janeiro, as precipita\u00e7\u00f5es registradas estiveram associadas a presen\u00e7a do <strong>V\u00f3rtice Cicl\u00f4nico de Altos N\u00edveis (VCAN)<\/strong>. O posicionamento favor\u00e1vel desse sistema meteorol\u00f3gico, tamb\u00e9m auxiliou na forma\u00e7\u00e3o de \u00e1reas de instabilidade sobre o Estado,\u00a0 proporcionando chuvas em todas as macrorregi\u00f5es.<\/span><\/p>\n<p style=\"text-align: justify;\"><span style=\"font-weight: 300;\">A Funceme explica ainda que, al\u00e9m desses sistemas meteorol\u00f3gicos citados, alguns efeitos locais como: temperatura, relevo e brisa mar\u00edtima e terrestre, tamb\u00e9m contribu\u00edram para as chuvas.<\/span><\/p>\n","protected":false},"excerpt":{"rendered":"<p>A Pr\u00e9-Esta\u00e7\u00e3o 2021\/22 no Cear\u00e1 terminou acima da m\u00e9dia. Os dados da Funda\u00e7\u00e3o Cearense de Meteorologia e Recursos H\u00eddricos (Funceme) indicam que o acumulado foi de 210,3 mil\u00edmetros, o que representa 61,4% acima da normalidade.<\/p>\n","protected":false},"author":4,"featured_media":10264,"comment_status":"closed","ping_status":"open","sticky":false,"template":"","format":"standard","meta":[],"categories":[81,15],"tags":[57,137],"acf":[],"_links":{"self":[{"href":"http:\/\/www.funceme.br\/index.php?rest_route=\/wp\/v2\/posts\/10263"}],"collection":[{"href":"http:\/\/www.funceme.br\/index.php?rest_route=\/wp\/v2\/posts"}],"about":[{"href":"http:\/\/www.funceme.br\/index.php?rest_route=\/wp\/v2\/types\/post"}],"author":[{"embeddable":true,"href":"http:\/\/www.funceme.br\/index.php?rest_route=\/wp\/v2\/users\/4"}],"replies":[{"embeddable":true,"href":"http:\/\/www.funceme.br\/index.php?rest_route=%2Fwp%2Fv2%2Fcomments&post=10263"}],"version-history":[{"count":1,"href":"http:\/\/www.funceme.br\/index.php?rest_route=\/wp\/v2\/posts\/10263\/revisions"}],"predecessor-version":[{"id":10265,"href":"http:\/\/www.funceme.br\/index.php?rest_route=\/wp\/v2\/posts\/10263\/revisions\/10265"}],"wp:featuredmedia":[{"embeddable":true,"href":"http:\/\/www.funceme.br\/index.php?rest_route=\/wp\/v2\/media\/10264"}],"wp:attachment":[{"href":"http:\/\/www.funceme.br\/index.php?rest_route=%2Fwp%2Fv2%2Fmedia&parent=10263"}],"wp:term":[{"taxonomy":"category","embeddable":true,"href":"http:\/\/www.funceme.br\/index.php?rest_route=%2Fwp%2Fv2%2Fcategories&post=10263"},{"taxonomy":"post_tag","embeddable":true,"href":"http:\/\/www.funceme.br\/index.php?rest_route=%2Fwp%2Fv2%2Ftags&post=10263"}],"curies":[{"name":"wp","href":"https:\/\/api.w.org\/{rel}","templated":true}]}}