{"id":10429,"date":"2022-03-11T11:54:16","date_gmt":"2022-03-11T14:54:16","guid":{"rendered":"http:\/\/www.funceme.br\/?p=10429"},"modified":"2022-03-11T11:54:16","modified_gmt":"2022-03-11T14:54:16","slug":"fim-de-semana-devera-apresentar-condicoes-para-chuvas-em-todas-as-macrorregioes","status":"publish","type":"post","link":"http:\/\/www.funceme.br\/?p=10429","title":{"rendered":"Fim de semana dever\u00e1 apresentar condi\u00e7\u00f5es para chuvas em todas as macrorregi\u00f5es"},"content":{"rendered":"<div id=\"attachment_10430\" style=\"width: 760px\" class=\"wp-caption aligncenter\"><img aria-describedby=\"caption-attachment-10430\" decoding=\"async\" loading=\"lazy\" class=\"wp-image-10430\" src=\"http:\/\/www.funceme.br\/wp-content\/uploads\/2022\/03\/WhatsApp-Image-2022-03-11-at-05.51.33.jpeg\" alt=\"Cariri, no sul do Estado, dever\u00e1 seguir com boas condi\u00e7\u00f5es de chuva (FOTO: Marciel Bezerra)\" width=\"750\" height=\"422\" srcset=\"http:\/\/www.funceme.br\/wp-content\/uploads\/2022\/03\/WhatsApp-Image-2022-03-11-at-05.51.33.jpeg 1600w, http:\/\/www.funceme.br\/wp-content\/uploads\/2022\/03\/WhatsApp-Image-2022-03-11-at-05.51.33-600x338.jpeg 600w, http:\/\/www.funceme.br\/wp-content\/uploads\/2022\/03\/WhatsApp-Image-2022-03-11-at-05.51.33-1200x675.jpeg 1200w, http:\/\/www.funceme.br\/wp-content\/uploads\/2022\/03\/WhatsApp-Image-2022-03-11-at-05.51.33-768x432.jpeg 768w, http:\/\/www.funceme.br\/wp-content\/uploads\/2022\/03\/WhatsApp-Image-2022-03-11-at-05.51.33-1536x864.jpeg 1536w\" sizes=\"(max-width: 750px) 100vw, 750px\" \/><p id=\"caption-attachment-10430\" class=\"wp-caption-text\"><em>Cariri, no sul do Estado, dever\u00e1 seguir com boas condi\u00e7\u00f5es de chuva (FOTO: Marciel Bezerra)<\/em><\/p><\/div>\n<p style=\"text-align: justify;\"><span style=\"font-weight: 300;\">A Funda\u00e7\u00e3o Cearense de Meteorologia e Recursos H\u00eddricos (Funceme) aponta, de sexta (11) at\u00e9 o pr\u00f3ximo domingo (13), cen\u00e1rio favor\u00e1vel para chuvas em todas as regi\u00f5es, com destaque para o Cariri, sul do Sert\u00e3o Central e Inhamuns, Jaguaribana, faixa litor\u00e2nea e Ibiapaba.<\/span><\/p>\n<p style=\"text-align: justify;\"><span style=\"font-weight: 300;\">Ao longo do dia de hoje,\u00a0 o c\u00e9u dever\u00e1 variar entre nublado e parcialmente nublado sobre o territ\u00f3rio cearense como um todo. As precipita\u00e7\u00f5es dever\u00e3o ser mais cont\u00ednuas durante esta sexta, ficando mais isolada pela noite.<\/span><\/p>\n<p style=\"text-align: justify;\"><span style=\"font-weight: 300;\">Para s\u00e1bado (12) e domingo (13),o Estado dever\u00e1 seguir com possibilidade de chuva em todas as macrorregi\u00f5es, sendo, amanh\u00e3, de forma mais isolada no centro-sul.<\/span><\/p>\n<p style=\"text-align: justify;\"><span style=\"font-weight: 300;\">As precipita\u00e7\u00f5es dever\u00e3o ainda variar entre fraca e moderada, majoritariamente, mas com chances de acumulados mais expressivos nas macrorregi\u00f5es do Cariri, faixa litor\u00e2nea e Ibiapaba.<\/span><\/p>\n<p style=\"text-align: justify;\"><span style=\"font-weight: 300;\">Em geral, a Funceme aponta \u00e1reas de instabilidade provenientes da proximidade da Zona de Converg\u00eancia Intertropical (ZCIT) e efeitos locais, como temperatura, relevo e umidade como os fatores que contribui\u00e7\u00e3o para as precipita\u00e7\u00f5es nestes tr\u00eas dias. <\/span><\/p>\n","protected":false},"excerpt":{"rendered":"<p>A Funda\u00e7\u00e3o Cearense de Meteorologia e Recursos H\u00eddricos (Funceme) aponta, de sexta (11) at\u00e9 o pr\u00f3ximo domingo (13), cen\u00e1rio favor\u00e1vel para chuvas em todas as regi\u00f5es, com destaque para o Cariri, sul do Sert\u00e3o Central e Inhamuns, Jaguaribana, faixa litor\u00e2nea e Ibiapaba.<\/p>\n","protected":false},"author":4,"featured_media":10430,"comment_status":"closed","ping_status":"open","sticky":false,"template":"","format":"standard","meta":[],"categories":[81,15],"tags":[47,101],"acf":[],"_links":{"self":[{"href":"http:\/\/www.funceme.br\/index.php?rest_route=\/wp\/v2\/posts\/10429"}],"collection":[{"href":"http:\/\/www.funceme.br\/index.php?rest_route=\/wp\/v2\/posts"}],"about":[{"href":"http:\/\/www.funceme.br\/index.php?rest_route=\/wp\/v2\/types\/post"}],"author":[{"embeddable":true,"href":"http:\/\/www.funceme.br\/index.php?rest_route=\/wp\/v2\/users\/4"}],"replies":[{"embeddable":true,"href":"http:\/\/www.funceme.br\/index.php?rest_route=%2Fwp%2Fv2%2Fcomments&post=10429"}],"version-history":[{"count":1,"href":"http:\/\/www.funceme.br\/index.php?rest_route=\/wp\/v2\/posts\/10429\/revisions"}],"predecessor-version":[{"id":10431,"href":"http:\/\/www.funceme.br\/index.php?rest_route=\/wp\/v2\/posts\/10429\/revisions\/10431"}],"wp:featuredmedia":[{"embeddable":true,"href":"http:\/\/www.funceme.br\/index.php?rest_route=\/wp\/v2\/media\/10430"}],"wp:attachment":[{"href":"http:\/\/www.funceme.br\/index.php?rest_route=%2Fwp%2Fv2%2Fmedia&parent=10429"}],"wp:term":[{"taxonomy":"category","embeddable":true,"href":"http:\/\/www.funceme.br\/index.php?rest_route=%2Fwp%2Fv2%2Fcategories&post=10429"},{"taxonomy":"post_tag","embeddable":true,"href":"http:\/\/www.funceme.br\/index.php?rest_route=%2Fwp%2Fv2%2Ftags&post=10429"}],"curies":[{"name":"wp","href":"https:\/\/api.w.org\/{rel}","templated":true}]}}