{"id":10435,"date":"2022-03-14T10:29:29","date_gmt":"2022-03-14T13:29:29","guid":{"rendered":"http:\/\/www.funceme.br\/?p=10435"},"modified":"2022-03-14T10:29:29","modified_gmt":"2022-03-14T13:29:29","slug":"ceara-segue-com-condicoes-para-chuvas-em-todas-as-macrorregioes-maiores-acumulados-sao-esperados-entre-terca-14-e-quarta-feira-15","status":"publish","type":"post","link":"http:\/\/www.funceme.br\/?p=10435","title":{"rendered":"Cear\u00e1 segue com condi\u00e7\u00f5es para chuvas em todas as macrorregi\u00f5es; maiores acumulados s\u00e3o esperados entre ter\u00e7a (14) e quarta-feira (15)"},"content":{"rendered":"<div id=\"attachment_10436\" style=\"width: 760px\" class=\"wp-caption aligncenter\"><img aria-describedby=\"caption-attachment-10436\" decoding=\"async\" loading=\"lazy\" class=\"wp-image-10436\" src=\"http:\/\/www.funceme.br\/wp-content\/uploads\/2022\/03\/WhatsApp-Image-2022-03-13-at-18.04.31.jpeg\" alt=\"Cariri, no sul do Estado, \u00e9 uma das regi\u00f5es mais favor\u00e1veis (FOTO: Marciel Bezerra)\" width=\"750\" height=\"422\" srcset=\"http:\/\/www.funceme.br\/wp-content\/uploads\/2022\/03\/WhatsApp-Image-2022-03-13-at-18.04.31.jpeg 1600w, http:\/\/www.funceme.br\/wp-content\/uploads\/2022\/03\/WhatsApp-Image-2022-03-13-at-18.04.31-600x338.jpeg 600w, http:\/\/www.funceme.br\/wp-content\/uploads\/2022\/03\/WhatsApp-Image-2022-03-13-at-18.04.31-1200x675.jpeg 1200w, http:\/\/www.funceme.br\/wp-content\/uploads\/2022\/03\/WhatsApp-Image-2022-03-13-at-18.04.31-768x432.jpeg 768w, http:\/\/www.funceme.br\/wp-content\/uploads\/2022\/03\/WhatsApp-Image-2022-03-13-at-18.04.31-1536x864.jpeg 1536w\" sizes=\"(max-width: 750px) 100vw, 750px\" \/><p id=\"caption-attachment-10436\" class=\"wp-caption-text\"><span style=\"color: #6b6b6b;\"><em>Cariri, no sul do Estado, \u00e9 uma das regi\u00f5es mais favor\u00e1veis (FOTO: Marciel Bezerra)<\/em><\/span><\/p><\/div>\n<p><span style=\"font-weight: 300;\">O in\u00edcio da segunda quinzena do m\u00eas de mar\u00e7o dever\u00e1 apresentar condi\u00e7\u00f5es para chuvas em todas as macrorregi\u00f5es. Conforme an\u00e1lise da Funda\u00e7\u00e3o Cearense de Meteorologia e Recursos H\u00eddricos, o Cariri, sul do Sert\u00e3o Central e Inhamuns e Jaguaribana, faixa litor\u00e2nea e Ibiapaba dever\u00e3o ter os maiores acumulados.<\/span><\/p>\n<p><span style=\"font-weight: 300;\">Para esta segunda (14), a expectativa \u00e9 de c\u00e9u variando de nublado a parcialmente nublado com chuva nas macrorregi\u00f5es do Litoral Norte, na Ibiapaba, no Sert\u00e3o Central e Inhamuns e no Cariri. Nas demais \u00e1reas, h\u00e1 baixa possibilidade, ou seja, entre 20 e 40% de probabilidade.<\/span><\/p>\n<p><span style=\"font-weight: 300;\">J\u00e1 entre ter\u00e7a (14) e quarta-feira (15), quando s\u00e3o esperados maiores acumulados, todas as regi\u00f5es dever\u00e3o seguir com condi\u00e7\u00f5es para novos registros, come\u00e7ando, entre madrugada e manh\u00e3, na faixa litor\u00e2nea, Maci\u00e7o de Baturit\u00e9, no Cariri e sul do Sert\u00e3o Central e Inhamuns.<\/span><\/p>\n<p><span style=\"font-weight: 300;\">Em geral, as chuvas esperadas ocorrer\u00e3o em virtude de \u00e1reas de instabilidade provenientes do fluxo em altos n\u00edveis (200 hPa) e da proximidade da Zona de Converg\u00eancia Intertropical bem como em raz\u00e3o de efeitos locais, como temperatura, relevo e umidade. <\/span><\/p>\n","protected":false},"excerpt":{"rendered":"<p>O in\u00edcio da segunda quinzena do m\u00eas de mar\u00e7o dever\u00e1 apresentar condi\u00e7\u00f5es para chuvas em todas as macrorregi\u00f5es. Conforme an\u00e1lise da Funda\u00e7\u00e3o Cearense de Meteorologia e Recursos H\u00eddricos, o Cariri, sul do Sert\u00e3o Central e Inhamuns e Jaguaribana, faixa litor\u00e2nea e Ibiapaba dever\u00e3o ter os maiores acumulados.<\/p>\n","protected":false},"author":4,"featured_media":10436,"comment_status":"closed","ping_status":"open","sticky":false,"template":"","format":"standard","meta":[],"categories":[81,15],"tags":[57,101],"acf":[],"_links":{"self":[{"href":"http:\/\/www.funceme.br\/index.php?rest_route=\/wp\/v2\/posts\/10435"}],"collection":[{"href":"http:\/\/www.funceme.br\/index.php?rest_route=\/wp\/v2\/posts"}],"about":[{"href":"http:\/\/www.funceme.br\/index.php?rest_route=\/wp\/v2\/types\/post"}],"author":[{"embeddable":true,"href":"http:\/\/www.funceme.br\/index.php?rest_route=\/wp\/v2\/users\/4"}],"replies":[{"embeddable":true,"href":"http:\/\/www.funceme.br\/index.php?rest_route=%2Fwp%2Fv2%2Fcomments&post=10435"}],"version-history":[{"count":1,"href":"http:\/\/www.funceme.br\/index.php?rest_route=\/wp\/v2\/posts\/10435\/revisions"}],"predecessor-version":[{"id":10437,"href":"http:\/\/www.funceme.br\/index.php?rest_route=\/wp\/v2\/posts\/10435\/revisions\/10437"}],"wp:featuredmedia":[{"embeddable":true,"href":"http:\/\/www.funceme.br\/index.php?rest_route=\/wp\/v2\/media\/10436"}],"wp:attachment":[{"href":"http:\/\/www.funceme.br\/index.php?rest_route=%2Fwp%2Fv2%2Fmedia&parent=10435"}],"wp:term":[{"taxonomy":"category","embeddable":true,"href":"http:\/\/www.funceme.br\/index.php?rest_route=%2Fwp%2Fv2%2Fcategories&post=10435"},{"taxonomy":"post_tag","embeddable":true,"href":"http:\/\/www.funceme.br\/index.php?rest_route=%2Fwp%2Fv2%2Ftags&post=10435"}],"curies":[{"name":"wp","href":"https:\/\/api.w.org\/{rel}","templated":true}]}}