{"id":10439,"date":"2022-03-14T11:00:00","date_gmt":"2022-03-14T14:00:00","guid":{"rendered":"http:\/\/www.funceme.br\/?p=10439"},"modified":"2022-03-14T11:00:00","modified_gmt":"2022-03-14T14:00:00","slug":"chove-em-cerca-de-80-municipios-entre-domingo-13-e-segunda-feira-14-2","status":"publish","type":"post","link":"http:\/\/www.funceme.br\/?p=10439","title":{"rendered":"Chove em cerca de 80 munic\u00edpios entre domingo (13) e segunda-feira (14)"},"content":{"rendered":"<div id=\"attachment_10440\" style=\"width: 760px\" class=\"wp-caption aligncenter\"><img aria-describedby=\"caption-attachment-10440\" decoding=\"async\" loading=\"lazy\" class=\"wp-image-10440\" src=\"http:\/\/www.funceme.br\/wp-content\/uploads\/2022\/03\/WhatsApp-Image-2022-03-13-at-21.03.40.jpeg\" alt=\"Precipita\u00e7\u00f5es t\u00eam atingido todas as regi\u00f5es (FOTO: Dejaci Vieira)\" width=\"750\" height=\"500\" srcset=\"http:\/\/www.funceme.br\/wp-content\/uploads\/2022\/03\/WhatsApp-Image-2022-03-13-at-21.03.40.jpeg 1280w, http:\/\/www.funceme.br\/wp-content\/uploads\/2022\/03\/WhatsApp-Image-2022-03-13-at-21.03.40-600x400.jpeg 600w, http:\/\/www.funceme.br\/wp-content\/uploads\/2022\/03\/WhatsApp-Image-2022-03-13-at-21.03.40-1200x800.jpeg 1200w, http:\/\/www.funceme.br\/wp-content\/uploads\/2022\/03\/WhatsApp-Image-2022-03-13-at-21.03.40-768x512.jpeg 768w\" sizes=\"(max-width: 750px) 100vw, 750px\" \/><p id=\"caption-attachment-10440\" class=\"wp-caption-text\"><span style=\"color: #6b6b6b;\"><em>Precipita\u00e7\u00f5es t\u00eam atingido todas as regi\u00f5es (FOTO: Dejaci Vieira)<\/em><\/span><\/p><\/div>\n<p><span style=\"font-weight: 300;\">Choveu em cerca de 80 munic\u00edpios do Cear\u00e1 entre as 7h de domingo (13) e as 7h desta segunda-feira (14), conforme balan\u00e7o parcial da Funda\u00e7\u00e3o Cearense de Meteorologia e Recursos H\u00eddricos (Funceme).<\/span><\/p>\n<p><span style=\"font-weight: 300;\">Todas as regi\u00f5es receberam precipita\u00e7\u00f5es, em conformidade com a previs\u00e3o do tempo apresentada anteriormente. Os maiores acumulados de 24 horas foram:\u00a0<\/span><\/p>\n<p><span style=\"font-weight: 300;\">-Altaneira (Posto: S\u00e3o Rom\u00e3o): 90 mm<\/span><span style=\"font-weight: 300;\"><br \/>\n<\/span><span style=\"font-weight: 300;\">-Jijoca de Jericoacoara (Posto: Sede): 76 mm<\/span><span style=\"font-weight: 300;\"><br \/>\n<\/span><span style=\"font-weight: 300;\">-Ocara (Posto: Sede) : 62 mm<\/span><span style=\"font-weight: 300;\"><br \/>\n<\/span><span style=\"font-weight: 300;\">-Granja (Posto: Sede) : 50 mm<\/span><span style=\"font-weight: 300;\"><br \/>\n<\/span><span style=\"font-weight: 300;\">-Limoeiro do Norte (Posto: Sede) : 49 mm<\/span><span style=\"font-weight: 300;\"><br \/>\n<\/span><span style=\"font-weight: 300;\">-Tabuleiro do Norte (Posto: Sede) : 42.4 mm<\/span><span style=\"font-weight: 300;\"><br \/>\n<\/span><span style=\"font-weight: 300;\">-Granjeiro (Posto: Cana Brava dos Ferreiras) : 38.2 mm<\/span><span style=\"font-weight: 300;\"><br \/>\n<\/span><span style=\"font-weight: 300;\">-Massap\u00ea (Posto: Tangente) : 36.2 mm<\/span><span style=\"font-weight: 300;\"><br \/>\n<\/span><span style=\"font-weight: 300;\">-Cruz (Posto: S\u00edtio Pitombeira de Cruz) : 34.4 mm<\/span><span style=\"font-weight: 300;\"><br \/>\n<\/span><span style=\"font-weight: 300;\">-Barbalha (Posto: Sede) : 32 mm<\/span><\/p>\n<p><span style=\"font-weight: 300;\">Para mais dados, basta acessar funceme.br\/calendario.<\/span><\/p>\n<p><b>PREVIS\u00c3O<\/b><\/p>\n<p><span style=\"font-weight: 300;\">O in\u00edcio da segunda quinzena do m\u00eas de mar\u00e7o dever\u00e1 apresentar condi\u00e7\u00f5es para chuvas em todas as macrorregi\u00f5es. Conforme an\u00e1lise da Funda\u00e7\u00e3o Cearense de Meteorologia e Recursos H\u00eddricos, o Cariri, sul do Sert\u00e3o Central e Inhamuns e Jaguaribana, faixa litor\u00e2nea e Ibiapaba dever\u00e3o ter os maiores acumulados. Veja mais.<\/span><\/p>\n","protected":false},"excerpt":{"rendered":"<p>Choveu em cerca de 80 munic\u00edpios do Cear\u00e1 entre as 7h de domingo (13) e as 7h desta segunda-feira (14), conforme balan\u00e7o parcial da Funda\u00e7\u00e3o Cearense de Meteorologia e Recursos H\u00eddricos (Funceme).<\/p>\n","protected":false},"author":4,"featured_media":10440,"comment_status":"closed","ping_status":"open","sticky":false,"template":"","format":"standard","meta":[],"categories":[81,15],"tags":[57,47],"acf":[],"_links":{"self":[{"href":"http:\/\/www.funceme.br\/index.php?rest_route=\/wp\/v2\/posts\/10439"}],"collection":[{"href":"http:\/\/www.funceme.br\/index.php?rest_route=\/wp\/v2\/posts"}],"about":[{"href":"http:\/\/www.funceme.br\/index.php?rest_route=\/wp\/v2\/types\/post"}],"author":[{"embeddable":true,"href":"http:\/\/www.funceme.br\/index.php?rest_route=\/wp\/v2\/users\/4"}],"replies":[{"embeddable":true,"href":"http:\/\/www.funceme.br\/index.php?rest_route=%2Fwp%2Fv2%2Fcomments&post=10439"}],"version-history":[{"count":1,"href":"http:\/\/www.funceme.br\/index.php?rest_route=\/wp\/v2\/posts\/10439\/revisions"}],"predecessor-version":[{"id":10441,"href":"http:\/\/www.funceme.br\/index.php?rest_route=\/wp\/v2\/posts\/10439\/revisions\/10441"}],"wp:featuredmedia":[{"embeddable":true,"href":"http:\/\/www.funceme.br\/index.php?rest_route=\/wp\/v2\/media\/10440"}],"wp:attachment":[{"href":"http:\/\/www.funceme.br\/index.php?rest_route=%2Fwp%2Fv2%2Fmedia&parent=10439"}],"wp:term":[{"taxonomy":"category","embeddable":true,"href":"http:\/\/www.funceme.br\/index.php?rest_route=%2Fwp%2Fv2%2Fcategories&post=10439"},{"taxonomy":"post_tag","embeddable":true,"href":"http:\/\/www.funceme.br\/index.php?rest_route=%2Fwp%2Fv2%2Ftags&post=10439"}],"curies":[{"name":"wp","href":"https:\/\/api.w.org\/{rel}","templated":true}]}}