{"id":10456,"date":"2022-03-16T08:45:59","date_gmt":"2022-03-16T11:45:59","guid":{"rendered":"http:\/\/www.funceme.br\/?p=10456"},"modified":"2022-03-16T13:52:36","modified_gmt":"2022-03-16T16:52:36","slug":"todas-as-macrorregioes-deverao-seguir-com-condicoes-pra-chuvas-ate-sexta-feira-18","status":"publish","type":"post","link":"http:\/\/www.funceme.br\/?p=10456","title":{"rendered":"Todas as macrorregi\u00f5es dever\u00e3o seguir com condi\u00e7\u00f5es pra chuvas at\u00e9 sexta-feira (18)"},"content":{"rendered":"<div id=\"attachment_10457\" style=\"width: 761px\" class=\"wp-caption aligncenter\"><img aria-describedby=\"caption-attachment-10457\" decoding=\"async\" loading=\"lazy\" class=\"wp-image-10457\" src=\"http:\/\/www.funceme.br\/wp-content\/uploads\/2022\/03\/WhatsApp-Image-2022-03-16-at-13.10.49.jpeg\" alt=\"Proximidade da ZCIT tem colaborado para precipita\u00e7\u00f5es (FOTO: S\u00e1vio Sampaio)\" width=\"751\" height=\"563\" srcset=\"http:\/\/www.funceme.br\/wp-content\/uploads\/2022\/03\/WhatsApp-Image-2022-03-16-at-13.10.49.jpeg 1280w, http:\/\/www.funceme.br\/wp-content\/uploads\/2022\/03\/WhatsApp-Image-2022-03-16-at-13.10.49-600x450.jpeg 600w, http:\/\/www.funceme.br\/wp-content\/uploads\/2022\/03\/WhatsApp-Image-2022-03-16-at-13.10.49-1200x900.jpeg 1200w, http:\/\/www.funceme.br\/wp-content\/uploads\/2022\/03\/WhatsApp-Image-2022-03-16-at-13.10.49-768x576.jpeg 768w\" sizes=\"(max-width: 751px) 100vw, 751px\" \/><p id=\"caption-attachment-10457\" class=\"wp-caption-text\"><span style=\"color: #6b6b6b;\"><em>Proximidade da ZCIT tem colaborado para precipita\u00e7\u00f5es (FOTO: S\u00e1vio Sampaio)<\/em><\/span><\/p><\/div>\n<p><span style=\"font-weight: 400;\">Todas as macrorregi\u00f5es do Cear\u00e1 dever\u00e3o apresentar condi\u00e7\u00f5es para chuva at\u00e9 a pr\u00f3xima sexta-feira (18), conforme previs\u00e3o do tempo realizada pela Funda\u00e7\u00e3o Cearense de Meteorologia e Recursos H\u00eddricos (Funceme).<\/span><\/p>\n<p><span style=\"font-weight: 400;\">Durante este tr\u00eas dias, a tend\u00eancia \u00e9 que Cariri, Ibiapaba e sul do Sert\u00e3o Central Inhamuns apresentem os maiores acumulados.<\/span><\/p>\n<p><span style=\"font-weight: 400;\">Para esta quarta, as precipita\u00e7\u00f5es dever\u00e3o acontecer ao longo dia e com chances de registros em todas as regi\u00f5es. J\u00e1 para quinta e sexta-feira, a expectativa \u00e9 que as chuvas ocorram na faixa litor\u00e2nea, no Maci\u00e7o de Baturit\u00e9, no Cariri, na Jaguaribana e sul do Sert\u00e3o Central j\u00e1 entre madrugada e manh\u00e3.<\/span><\/p>\n<p><span style=\"font-weight: 400;\">Em geral, as chuvas esperadas t\u00eam rela\u00e7\u00e3o com \u00e1reas de instabilidade que se formam em raz\u00e3o da proximidade da Zona de Converg\u00eancia Intertropical (ZCIT), bem como em raz\u00e3o de efeitos locais, como temperatura, relevo e umidade. <\/span><\/p>\n","protected":false},"excerpt":{"rendered":"<p>Todas as macrorregi\u00f5es do Cear\u00e1 dever\u00e3o apresentar condi\u00e7\u00f5es para chuva at\u00e9 a pr\u00f3xima sexta-feira (18), conforme previs\u00e3o do tempo realizada pela Funda\u00e7\u00e3o Cearense de Meteorologia e Recursos H\u00eddricos (Funceme).<\/p>\n","protected":false},"author":4,"featured_media":10457,"comment_status":"closed","ping_status":"open","sticky":false,"template":"","format":"standard","meta":[],"categories":[81,15],"tags":[],"acf":[],"_links":{"self":[{"href":"http:\/\/www.funceme.br\/index.php?rest_route=\/wp\/v2\/posts\/10456"}],"collection":[{"href":"http:\/\/www.funceme.br\/index.php?rest_route=\/wp\/v2\/posts"}],"about":[{"href":"http:\/\/www.funceme.br\/index.php?rest_route=\/wp\/v2\/types\/post"}],"author":[{"embeddable":true,"href":"http:\/\/www.funceme.br\/index.php?rest_route=\/wp\/v2\/users\/4"}],"replies":[{"embeddable":true,"href":"http:\/\/www.funceme.br\/index.php?rest_route=%2Fwp%2Fv2%2Fcomments&post=10456"}],"version-history":[{"count":1,"href":"http:\/\/www.funceme.br\/index.php?rest_route=\/wp\/v2\/posts\/10456\/revisions"}],"predecessor-version":[{"id":10458,"href":"http:\/\/www.funceme.br\/index.php?rest_route=\/wp\/v2\/posts\/10456\/revisions\/10458"}],"wp:featuredmedia":[{"embeddable":true,"href":"http:\/\/www.funceme.br\/index.php?rest_route=\/wp\/v2\/media\/10457"}],"wp:attachment":[{"href":"http:\/\/www.funceme.br\/index.php?rest_route=%2Fwp%2Fv2%2Fmedia&parent=10456"}],"wp:term":[{"taxonomy":"category","embeddable":true,"href":"http:\/\/www.funceme.br\/index.php?rest_route=%2Fwp%2Fv2%2Fcategories&post=10456"},{"taxonomy":"post_tag","embeddable":true,"href":"http:\/\/www.funceme.br\/index.php?rest_route=%2Fwp%2Fv2%2Ftags&post=10456"}],"curies":[{"name":"wp","href":"https:\/\/api.w.org\/{rel}","templated":true}]}}