{"id":10602,"date":"2022-04-01T13:13:01","date_gmt":"2022-04-01T16:13:01","guid":{"rendered":"http:\/\/www.funceme.br\/?p=10602"},"modified":"2022-04-01T13:13:01","modified_gmt":"2022-04-01T16:13:01","slug":"com-desvio-de-314-chuvas-de-marco-ficam-acima-da-media","status":"publish","type":"post","link":"http:\/\/www.funceme.br\/?p=10602","title":{"rendered":"Com desvio de 31,4%, chuvas de mar\u00e7o ficam acima da m\u00e9dia"},"content":{"rendered":"<div id=\"attachment_10603\" style=\"width: 650px\" class=\"wp-caption aligncenter\"><img aria-describedby=\"caption-attachment-10603\" decoding=\"async\" loading=\"lazy\" class=\"wp-image-10603 size-full\" src=\"http:\/\/www.funceme.br\/wp-content\/uploads\/2022\/04\/LAURO-e1648829243652.jpg\" alt=\"Praticamente todas as regi\u00f5es tiveram boas chuvas (FOTO: Lauro Honorato)\" width=\"640\" height=\"476\" srcset=\"http:\/\/www.funceme.br\/wp-content\/uploads\/2022\/04\/LAURO-e1648829243652.jpg 640w, http:\/\/www.funceme.br\/wp-content\/uploads\/2022\/04\/LAURO-e1648829243652-600x446.jpg 600w\" sizes=\"(max-width: 640px) 100vw, 640px\" \/><p id=\"caption-attachment-10603\" class=\"wp-caption-text\"><span style=\"color: #6b6b6b;\"><em>Praticamente todas as regi\u00f5es tiveram boas chuvas (FOTO: Lauro Honorato)<\/em><\/span><\/p><\/div>\n<p style=\"text-align: justify;\"><span style=\"font-weight: 400;\">As chuvas de mar\u00e7o, segundo m\u00eas da Quadra Chuvosa, ficaram acima da m\u00e9dia, segundo balan\u00e7o parcial da Funda\u00e7\u00e3o Cearense de Meteorologia e Recursos H\u00eddricos (Funceme).<\/span><\/p>\n<p style=\"text-align: justify;\"><span style=\"font-weight: 400;\">Os dados indicam que o acumulado foi de 267,2 mil\u00edmetros, representando um desvio de 31,4% em rela\u00e7\u00e3o \u00e0 normal climatol\u00f3gica. A Funceme aponta ainda que foi um dos 10 maiores acumulados da s\u00e9rie hist\u00f3rica para o m\u00eas de mar\u00e7o.<\/span><\/p>\n<p style=\"text-align: justify;\"><span style=\"font-weight: 400;\">As precipita\u00e7\u00f5es mais expressivas em mar\u00e7o se deram, principalmente, \u00e0 proximidade da Zona de Converg\u00eancia Intertropical (ZCIT), que \u00e9 o principal sistema indutor de chuvas nesta \u00e9poca do ano. A atua\u00e7\u00e3o de uma Cavado de Altos N\u00edveis (CAN), al\u00e9m de fatores locais como altitude, temperatura e umidade do ar.<\/span><\/p>\n<p style=\"text-align: justify;\"><span style=\"font-weight: 400;\">Quanto \u00e0s macrorregi\u00f5es, todas ficaram acima da normalidade neste \u00faltimo m\u00eas, exceto o Sert\u00e3o Central e Inhamuns, que aparece na categoria em torno da m\u00e9dia. Cariri, no sul do Estado, e a Ibiapaba, localizada no noroeste do Cear\u00e1, foram as mais chuvosas.<\/span><\/p>\n","protected":false},"excerpt":{"rendered":"<p>As chuvas de mar\u00e7o, segundo m\u00eas da Quadra Chuvosa, ficaram acima da m\u00e9dia, segundo balan\u00e7o parcial da Funda\u00e7\u00e3o Cearense de Meteorologia e Recursos H\u00eddricos (Funceme).<\/p>\n","protected":false},"author":4,"featured_media":0,"comment_status":"closed","ping_status":"open","sticky":false,"template":"","format":"standard","meta":[],"categories":[81,15],"tags":[47,217],"acf":[],"_links":{"self":[{"href":"http:\/\/www.funceme.br\/index.php?rest_route=\/wp\/v2\/posts\/10602"}],"collection":[{"href":"http:\/\/www.funceme.br\/index.php?rest_route=\/wp\/v2\/posts"}],"about":[{"href":"http:\/\/www.funceme.br\/index.php?rest_route=\/wp\/v2\/types\/post"}],"author":[{"embeddable":true,"href":"http:\/\/www.funceme.br\/index.php?rest_route=\/wp\/v2\/users\/4"}],"replies":[{"embeddable":true,"href":"http:\/\/www.funceme.br\/index.php?rest_route=%2Fwp%2Fv2%2Fcomments&post=10602"}],"version-history":[{"count":1,"href":"http:\/\/www.funceme.br\/index.php?rest_route=\/wp\/v2\/posts\/10602\/revisions"}],"predecessor-version":[{"id":10604,"href":"http:\/\/www.funceme.br\/index.php?rest_route=\/wp\/v2\/posts\/10602\/revisions\/10604"}],"wp:attachment":[{"href":"http:\/\/www.funceme.br\/index.php?rest_route=%2Fwp%2Fv2%2Fmedia&parent=10602"}],"wp:term":[{"taxonomy":"category","embeddable":true,"href":"http:\/\/www.funceme.br\/index.php?rest_route=%2Fwp%2Fv2%2Fcategories&post=10602"},{"taxonomy":"post_tag","embeddable":true,"href":"http:\/\/www.funceme.br\/index.php?rest_route=%2Fwp%2Fv2%2Ftags&post=10602"}],"curies":[{"name":"wp","href":"https:\/\/api.w.org\/{rel}","templated":true}]}}