{"id":10658,"date":"2022-04-13T14:23:42","date_gmt":"2022-04-13T17:23:42","guid":{"rendered":"http:\/\/www.funceme.br\/?p=10658"},"modified":"2022-04-13T14:23:42","modified_gmt":"2022-04-13T17:23:42","slug":"feriadao-deve-apresentar-condicoes-para-chuva-isoladas-indica-previsao-do-tempo-veja-detalhes","status":"publish","type":"post","link":"http:\/\/www.funceme.br\/?p=10658","title":{"rendered":"Feriad\u00e3o deve apresentar condi\u00e7\u00f5es para chuva isoladas, indica previs\u00e3o do tempo; veja detalhes"},"content":{"rendered":"<div id=\"attachment_10659\" style=\"width: 761px\" class=\"wp-caption aligncenter\"><img aria-describedby=\"caption-attachment-10659\" decoding=\"async\" loading=\"lazy\" class=\"wp-image-10659\" src=\"http:\/\/www.funceme.br\/wp-content\/uploads\/2022\/04\/WhatsApp-Image-2022-04-13-at-10.17.35.jpeg\" alt=\"Chuvas dever\u00e3o ser mais reduzidas em maior parte do Estado (FOTO: Marciel Bezerra)\" width=\"751\" height=\"563\" srcset=\"http:\/\/www.funceme.br\/wp-content\/uploads\/2022\/04\/WhatsApp-Image-2022-04-13-at-10.17.35.jpeg 1600w, http:\/\/www.funceme.br\/wp-content\/uploads\/2022\/04\/WhatsApp-Image-2022-04-13-at-10.17.35-600x450.jpeg 600w, http:\/\/www.funceme.br\/wp-content\/uploads\/2022\/04\/WhatsApp-Image-2022-04-13-at-10.17.35-1200x900.jpeg 1200w, http:\/\/www.funceme.br\/wp-content\/uploads\/2022\/04\/WhatsApp-Image-2022-04-13-at-10.17.35-768x576.jpeg 768w, http:\/\/www.funceme.br\/wp-content\/uploads\/2022\/04\/WhatsApp-Image-2022-04-13-at-10.17.35-1536x1152.jpeg 1536w\" sizes=\"(max-width: 751px) 100vw, 751px\" \/><p id=\"caption-attachment-10659\" class=\"wp-caption-text\"><span style=\"color: #6b6b6b;\"><em>Chuvas dever\u00e3o ser mais reduzidas em maior parte do Estado (FOTO: Marciel Bezerra)<\/em><\/span><\/p><\/div>\n<p><span style=\"font-weight: 400;\">Os dias de feriado da Semana Santa dever\u00e3o apresentar, majoritariamente, c\u00e9u com cobertura variada e chuvas isoladas em todas as macrorregi\u00f5es.<\/span><\/p>\n<p><span style=\"font-weight: 400;\">De acordo com a Funda\u00e7\u00e3o Cearense de Meteorologia e Recursos H\u00eddricos (Funceme), nestes pr\u00f3ximos dois dias, a por\u00e7\u00e3o noroeste dever\u00e1 concentrar os maiores acumulados.<\/span><\/p>\n<p><span style=\"font-weight: 400;\">Tanto na quinta (14), como na sexta-feira (15), a expectativa \u00e9 que precipita\u00e7\u00f5es sejam registradas, entre madrugada e manh\u00e3, na faixa litor\u00e2nea, Maci\u00e7o de Baturit\u00e9, Jaguaribana, sul do Sert\u00e3o Central e Inhamuns e Cariri. J\u00e1 entre tarde e noite, nas demais \u00e1reas do interior, mas ainda de forma pontual.<\/span><\/p>\n<p><span style=\"font-weight: 400;\">A Funceme refor\u00e7a apenas que entre o Litoral Norte e a Ibiapaba, por\u00e7\u00e3o noroeste, h\u00e1 chances de acumulados maiores em rela\u00e7\u00e3o \u00e0s demais \u00e1reas do Estado.\u00a0<\/span><\/p>\n<p><span style=\"font-weight: 400;\">Em geral, as chuvas esperadas dever\u00e3o ocorrer em virtude de \u00e1reas de instabilidade oriundas do oceano Atl\u00e2ntico, \u00e0 proximidade da Zona de Converg\u00eancia Intertropical (ZCIT), bem como em raz\u00e3o de efeitos locais, sistema de brisa, al\u00e9m de, temperatura, relevo e umidade. <\/span><\/p>\n","protected":false},"excerpt":{"rendered":"<p>Os dias de feriado da Semana Santa dever\u00e3o apresentar, majoritariamente, c\u00e9u com cobertura variada e chuvas isoladas em todas as macrorregi\u00f5es. De acordo com a Funda\u00e7\u00e3o Cearense de Meteorologia e Recursos H\u00eddricos (Funceme), nestes pr\u00f3ximos dois dias, a por\u00e7\u00e3o noroeste dever\u00e1 concentrar os maiores acumulados. Tanto na quinta (14), como na sexta-feira (15), a expectativa [&hellip;]<\/p>\n","protected":false},"author":4,"featured_media":10659,"comment_status":"closed","ping_status":"open","sticky":false,"template":"","format":"standard","meta":[],"categories":[81,15],"tags":[47,506],"acf":[],"_links":{"self":[{"href":"http:\/\/www.funceme.br\/index.php?rest_route=\/wp\/v2\/posts\/10658"}],"collection":[{"href":"http:\/\/www.funceme.br\/index.php?rest_route=\/wp\/v2\/posts"}],"about":[{"href":"http:\/\/www.funceme.br\/index.php?rest_route=\/wp\/v2\/types\/post"}],"author":[{"embeddable":true,"href":"http:\/\/www.funceme.br\/index.php?rest_route=\/wp\/v2\/users\/4"}],"replies":[{"embeddable":true,"href":"http:\/\/www.funceme.br\/index.php?rest_route=%2Fwp%2Fv2%2Fcomments&post=10658"}],"version-history":[{"count":1,"href":"http:\/\/www.funceme.br\/index.php?rest_route=\/wp\/v2\/posts\/10658\/revisions"}],"predecessor-version":[{"id":10660,"href":"http:\/\/www.funceme.br\/index.php?rest_route=\/wp\/v2\/posts\/10658\/revisions\/10660"}],"wp:featuredmedia":[{"embeddable":true,"href":"http:\/\/www.funceme.br\/index.php?rest_route=\/wp\/v2\/media\/10659"}],"wp:attachment":[{"href":"http:\/\/www.funceme.br\/index.php?rest_route=%2Fwp%2Fv2%2Fmedia&parent=10658"}],"wp:term":[{"taxonomy":"category","embeddable":true,"href":"http:\/\/www.funceme.br\/index.php?rest_route=%2Fwp%2Fv2%2Fcategories&post=10658"},{"taxonomy":"post_tag","embeddable":true,"href":"http:\/\/www.funceme.br\/index.php?rest_route=%2Fwp%2Fv2%2Ftags&post=10658"}],"curies":[{"name":"wp","href":"https:\/\/api.w.org\/{rel}","templated":true}]}}