{"id":10668,"date":"2022-04-17T10:03:24","date_gmt":"2022-04-17T13:03:24","guid":{"rendered":"http:\/\/www.funceme.br\/?p=10668"},"modified":"2022-04-17T10:08:36","modified_gmt":"2022-04-17T13:08:36","slug":"com-200-mm-varzea-alegre-registra-mais-chuva-de-2022","status":"publish","type":"post","link":"http:\/\/www.funceme.br\/?p=10668","title":{"rendered":"Com 200 mm, V\u00e1rzea Alegre registra maior chuva de 2022"},"content":{"rendered":"<p style=\"text-align: justify;\">V\u00e1rzea Alegre registrou, entre as 7h deste s\u00e1bado (16) e as 7h deste domingo (17), a maior chuva do ano. Conforme balan\u00e7o parcial da Funda\u00e7\u00e3o Cearense de Meteorologia e Recursos H\u00eddricos (Funceme), o acumulado foi de 200 mil\u00edmetros.<\/p>\n<p style=\"text-align: justify;\">O munic\u00edpio, que est\u00e1 localizado na macrorregi\u00e3o do Cariri, \u00e1rea que apresentava condi\u00e7\u00f5es favor\u00e1veis, segundo previs\u00e3o indicada anteriormente, teve a precipita\u00e7\u00e3o mais concentrada pela madrugada de hoje. Ainda na mesma \u00e1rea, a Funceme registrou outros acumulados expressivos como em Granjeiro (86 mm) e Cari\u00fas (61 mm).<\/p>\n<p style=\"text-align: justify;\">At\u00e9 este domingo, a maior chuva de 2022 havia sido registrada entre os dias 9 e 10 de abril, em S\u00e3o Gon\u00e7alo do Amarante, com 179 mm. Logo atr\u00e1s vem os 140 mm e, Maranguape, ocorrido do dia 2 para 3 de mar\u00e7o.<\/p>\n<p style=\"text-align: justify;\">No levantamento preliminar, o Cear\u00e1 teve, no intervalo de 24 horas, chuvas em 58 munic\u00edpios provocadas por \u00e1reas de instabilidades oriundas do Oceano Atl\u00e2ntico e do leste do Nordeste do Brasil, assim como efeitos locais (temperatura, relevo e umidade) e sistema de brisa.<\/p>\n<p style=\"text-align: justify;\">PREVIS\u00c3O<\/p>\n<p style=\"text-align: justify;\">O Cear\u00e1 dever\u00e1 apresentar condi\u00e7\u00f5es para chuva em todas as macrorregi\u00f5es at\u00e9, pelo menos, a pr\u00f3xima segunda-feira (18), por\u00e9m, os principais acumulados s\u00e3o esperados para a faixa litor\u00e2nea, Ibiapaba, Cariri e centro-sul do Sert\u00e3o Central e Inhamuns.<\/p>\n<p style=\"text-align: justify;\">De acordo com a Funceme, s\u00e3o esperadas precipita\u00e7\u00f5es de intensidades variadas, com maiores chances de mais expressivos nas \u00e1reas citadas anteriormente com mais favor\u00e1veis.<\/p>\n<p style=\"text-align: justify;\">Ao longo do fim de semana e ainda na segunda, as chuvas s\u00e3o esperadas ao longo do dia. No caso do litoral, incluindo o de Fortaleza, os registros dever\u00e3o se concentrar entre madrugada e manh\u00e3, assim como no Cariri.<\/p>\n","protected":false},"excerpt":{"rendered":"<p>V\u00e1rzea Alegre registrou, entre as 7h deste s\u00e1bado (16) e as 7h deste domingo (17), a maior chuva do ano. Conforme balan\u00e7o parcial da Funda\u00e7\u00e3o Cearense de Meteorologia e Recursos H\u00eddricos (Funceme), o acumulado foi de 200 mil\u00edmetros.<\/p>\n","protected":false},"author":4,"featured_media":0,"comment_status":"closed","ping_status":"open","sticky":false,"template":"","format":"standard","meta":[],"categories":[81,15],"tags":[50,385],"acf":[],"_links":{"self":[{"href":"http:\/\/www.funceme.br\/index.php?rest_route=\/wp\/v2\/posts\/10668"}],"collection":[{"href":"http:\/\/www.funceme.br\/index.php?rest_route=\/wp\/v2\/posts"}],"about":[{"href":"http:\/\/www.funceme.br\/index.php?rest_route=\/wp\/v2\/types\/post"}],"author":[{"embeddable":true,"href":"http:\/\/www.funceme.br\/index.php?rest_route=\/wp\/v2\/users\/4"}],"replies":[{"embeddable":true,"href":"http:\/\/www.funceme.br\/index.php?rest_route=%2Fwp%2Fv2%2Fcomments&post=10668"}],"version-history":[{"count":2,"href":"http:\/\/www.funceme.br\/index.php?rest_route=\/wp\/v2\/posts\/10668\/revisions"}],"predecessor-version":[{"id":10671,"href":"http:\/\/www.funceme.br\/index.php?rest_route=\/wp\/v2\/posts\/10668\/revisions\/10671"}],"wp:attachment":[{"href":"http:\/\/www.funceme.br\/index.php?rest_route=%2Fwp%2Fv2%2Fmedia&parent=10668"}],"wp:term":[{"taxonomy":"category","embeddable":true,"href":"http:\/\/www.funceme.br\/index.php?rest_route=%2Fwp%2Fv2%2Fcategories&post=10668"},{"taxonomy":"post_tag","embeddable":true,"href":"http:\/\/www.funceme.br\/index.php?rest_route=%2Fwp%2Fv2%2Ftags&post=10668"}],"curies":[{"name":"wp","href":"https:\/\/api.w.org\/{rel}","templated":true}]}}