{"id":10713,"date":"2022-04-29T11:36:04","date_gmt":"2022-04-29T14:36:04","guid":{"rendered":"http:\/\/www.funceme.br\/?p=10713"},"modified":"2022-04-29T11:36:04","modified_gmt":"2022-04-29T14:36:04","slug":"funceme-recebe-premio-ambientalista-joaquim-feitosa-2022","status":"publish","type":"post","link":"http:\/\/www.funceme.br\/?p=10713","title":{"rendered":"Funceme recebe Pr\u00eamio Ambientalista Joaquim Feitosa 2022"},"content":{"rendered":"<div id=\"attachment_10714\" style=\"width: 780px\" class=\"wp-caption alignnone\"><img aria-describedby=\"caption-attachment-10714\" decoding=\"async\" loading=\"lazy\" class=\"size-full wp-image-10714\" src=\"http:\/\/www.funceme.br\/wp-content\/uploads\/2022\/04\/cerimonia-e1651242477526.jpeg\" alt=\"Corpo t\u00e9cnico da funceme organizados e segurando o pr\u00eamio ambientalista joaquim feitosa de 2022.\" width=\"770\" height=\"578\" \/><p id=\"caption-attachment-10714\" class=\"wp-caption-text\"><em>Funda\u00e7\u00e3o Cearense de Meterologia e Recursos H\u00eddricos recebem medalha de reconhecimento do Pr\u00eamio Ambientalista Joaquim Feitosa &#8211; 2022.<\/em><\/p><\/div>\n<p><span class=\"_7UhW9   xLCgt      MMzan   KV-D4            se6yk       T0kll \">A Funda\u00e7\u00e3o Cearense de Meteorologia e Recursos H\u00eddricos (Funceme) foi agraciada, na tarde desta quinta (28), no Dia Nacional da Caatinga, com a Medalha Ambientalista Joaquim Feitosa. A comenda foi oferecida pela Secretaria do Meio Ambiente (Sema) e o Comit\u00ea da Reserva da Biosfera da Caatinga (CRBC).<\/p>\n<p>O evento ocorreu na Assembleia Legislativa do Estado do Cear\u00e1, com apoio da Comiss\u00e3o de Meio Ambiente e Recursos H\u00eddricos da Casa. A institui\u00e7\u00e3o, que neste ano comemora 50 anos, iniciou atividades em 1972, a partir da necessidade de encontrar sa\u00eddas para as severas secas que assolavam o Cear\u00e1.<\/p>\n<p>O evento foi aberto com apresenta\u00e7\u00e3o da Camerata de Cordas da Unifor, que executou pe\u00e7as com temas nordestinos consagrados por Luiz Gonzaga. A primeira interven\u00e7\u00e3o da Mesa foi do titular da Secretaria de Recursos H\u00eddricos (SRH), Francisco Teixeira, que ressaltou o trabalho da Funceme e dos seus servidores.<\/p>\n<p>Na sequ\u00eancia, deputado estadual Renato Roseno, integrante da Comiss\u00e3o de Meio Ambiente da Assembleia, relembrou Joaquim Feitosa e ressaltou \u201ca import\u00e2ncia da ci\u00eancia e do trabalho da institui\u00e7\u00e3o para harmonizar a conviv\u00eancia com o semi\u00e1rido\u201d. Por sua vez, o titular da Sema, Artur Bruno, ratificou que a escolha da FUNCEME deu-se por unanimidade. \u201cO trabalho do Cear\u00e1 em gest\u00e3o de recursos h\u00eddricos \u00e9 refer\u00eancia para todo Brasil. E tenho orgulho de fazer parte de um governo que valoriza a ci\u00eancia e a FUNCEME faz parte primordial neste processo\u201d, explicou.<\/p>\n<p>No \u00e1pice do evento, ao receber a honraria das m\u00e3os dos integrantes da Mesa, o diretor t\u00e9cnico da Funceme, Hoilton Rios, destacou que a Funda\u00e7\u00e3o continuar\u00e1 \u201cdesenvolvendo estudos para aprofundar os bons m\u00e9todos de conviv\u00eancia com o semi\u00e1rido\u201d.<\/span><\/p>\n","protected":false},"excerpt":{"rendered":"<p>A Funda\u00e7\u00e3o Cearense de Meteorologia e Recursos H\u00eddricos (Funceme) foi agraciada, na tarde desta quinta (28), no Dia Nacional da Caatinga, com a Medalha Ambientalista Joaquim Feitosa. A comenda foi oferecida pela Secretaria do Meio Ambiente (Sema) e o Comit\u00ea da Reserva da Biosfera da Caatinga (CRBC). O evento ocorreu na Assembleia Legislativa do Estado [&hellip;]<\/p>\n","protected":false},"author":7,"featured_media":10714,"comment_status":"closed","ping_status":"open","sticky":false,"template":"","format":"standard","meta":[],"categories":[59,75],"tags":[57,74,508],"acf":[],"_links":{"self":[{"href":"http:\/\/www.funceme.br\/index.php?rest_route=\/wp\/v2\/posts\/10713"}],"collection":[{"href":"http:\/\/www.funceme.br\/index.php?rest_route=\/wp\/v2\/posts"}],"about":[{"href":"http:\/\/www.funceme.br\/index.php?rest_route=\/wp\/v2\/types\/post"}],"author":[{"embeddable":true,"href":"http:\/\/www.funceme.br\/index.php?rest_route=\/wp\/v2\/users\/7"}],"replies":[{"embeddable":true,"href":"http:\/\/www.funceme.br\/index.php?rest_route=%2Fwp%2Fv2%2Fcomments&post=10713"}],"version-history":[{"count":1,"href":"http:\/\/www.funceme.br\/index.php?rest_route=\/wp\/v2\/posts\/10713\/revisions"}],"predecessor-version":[{"id":10715,"href":"http:\/\/www.funceme.br\/index.php?rest_route=\/wp\/v2\/posts\/10713\/revisions\/10715"}],"wp:featuredmedia":[{"embeddable":true,"href":"http:\/\/www.funceme.br\/index.php?rest_route=\/wp\/v2\/media\/10714"}],"wp:attachment":[{"href":"http:\/\/www.funceme.br\/index.php?rest_route=%2Fwp%2Fv2%2Fmedia&parent=10713"}],"wp:term":[{"taxonomy":"category","embeddable":true,"href":"http:\/\/www.funceme.br\/index.php?rest_route=%2Fwp%2Fv2%2Fcategories&post=10713"},{"taxonomy":"post_tag","embeddable":true,"href":"http:\/\/www.funceme.br\/index.php?rest_route=%2Fwp%2Fv2%2Ftags&post=10713"}],"curies":[{"name":"wp","href":"https:\/\/api.w.org\/{rel}","templated":true}]}}