{"id":11029,"date":"2022-10-31T11:07:38","date_gmt":"2022-10-31T14:07:38","guid":{"rendered":"http:\/\/www.funceme.br\/?p=11029"},"modified":"2022-10-31T11:07:38","modified_gmt":"2022-10-31T14:07:38","slug":"funceme-participa-da-feira-do-conhecimento-2022","status":"publish","type":"post","link":"http:\/\/www.funceme.br\/?p=11029","title":{"rendered":"Funceme participa da Feira do Conhecimento 2022"},"content":{"rendered":"<div id=\"attachment_11030\" style=\"width: 760px\" class=\"wp-caption aligncenter\"><img aria-describedby=\"caption-attachment-11030\" decoding=\"async\" loading=\"lazy\" class=\"wp-image-11030\" src=\"http:\/\/www.funceme.br\/wp-content\/uploads\/2022\/10\/feira-do-conhecimento.jpg\" alt=\"A Feira \u00e9 uma oportunidade pra integrar, capacitar e entreter quem \u00e9 apaixonado por ci\u00eancia, tecnologia, inova\u00e7\u00e3o e empreendedorismo (FOTO: Reprodu\u00e7\u00e3o)\" width=\"750\" height=\"500\" srcset=\"http:\/\/www.funceme.br\/wp-content\/uploads\/2022\/10\/feira-do-conhecimento.jpg 1200w, http:\/\/www.funceme.br\/wp-content\/uploads\/2022\/10\/feira-do-conhecimento-600x400.jpg 600w, http:\/\/www.funceme.br\/wp-content\/uploads\/2022\/10\/feira-do-conhecimento-768x512.jpg 768w\" sizes=\"(max-width: 750px) 100vw, 750px\" \/><p id=\"caption-attachment-11030\" class=\"wp-caption-text\">A Feira \u00e9 uma oportunidade pra integrar, capacitar e entreter quem \u00e9 apaixonado por ci\u00eancia, tecnologia, inova\u00e7\u00e3o e empreendedorismo (FOTO: Reprodu\u00e7\u00e3o)<\/p><\/div>\n<p style=\"text-align: justify;\">Ap\u00f3s dois anos consecutivos em formato virtual, em 2022 a Feira do Conhecimento retoma \u00e0s atividades presenciais. Na ocasi\u00e3o, a Funda\u00e7\u00e3o Cearense de Meteorologia e Recursos H\u00eddricos (Funceme) ter\u00e1 um stand com equipamentos, materiais multim\u00eddia e ainda amostras cient\u00edficas.<\/p>\n<p style=\"text-align: justify;\">A 6\u00aa edi\u00e7\u00e3o da FdC 2022 ser\u00e1 realizada de 3 a 5 de novembro, no Centro de Eventos do Cear\u00e1 (Pavilh\u00e3o Oeste). Promovida pelo Governo do Cear\u00e1, por meio da Secretaria da Ci\u00eancia, Tecnologia e Educa\u00e7\u00e3o Superior (Secitece) e executada pelo Instituto Centec, a FdC 2022 acontecer\u00e1 de quinta a s\u00e1bado, das 14h \u00e0s 21h.<\/p>\n<p>O stand da Funceme, de n\u00famero 137 e 138, ficar\u00e1 pr\u00f3ximo \u00e0 pra\u00e7a e o local do Museu da Imagem e do Som.<\/p>\n","protected":false},"excerpt":{"rendered":"<p>Ap\u00f3s dois anos consecutivos em formato virtual, em 2022 a Feira do Conhecimento retoma \u00e0s atividades presenciais. Na ocasi\u00e3o, a Funda\u00e7\u00e3o Cearense de Meteorologia e Recursos H\u00eddricos (Funceme) ter\u00e1 um stand com equipamentos, materiais multim\u00eddia e ainda amostras cient\u00edficas.<\/p>\n","protected":false},"author":4,"featured_media":11030,"comment_status":"closed","ping_status":"open","sticky":false,"template":"","format":"standard","meta":[],"categories":[59,15],"tags":[77],"acf":[],"_links":{"self":[{"href":"http:\/\/www.funceme.br\/index.php?rest_route=\/wp\/v2\/posts\/11029"}],"collection":[{"href":"http:\/\/www.funceme.br\/index.php?rest_route=\/wp\/v2\/posts"}],"about":[{"href":"http:\/\/www.funceme.br\/index.php?rest_route=\/wp\/v2\/types\/post"}],"author":[{"embeddable":true,"href":"http:\/\/www.funceme.br\/index.php?rest_route=\/wp\/v2\/users\/4"}],"replies":[{"embeddable":true,"href":"http:\/\/www.funceme.br\/index.php?rest_route=%2Fwp%2Fv2%2Fcomments&post=11029"}],"version-history":[{"count":1,"href":"http:\/\/www.funceme.br\/index.php?rest_route=\/wp\/v2\/posts\/11029\/revisions"}],"predecessor-version":[{"id":11031,"href":"http:\/\/www.funceme.br\/index.php?rest_route=\/wp\/v2\/posts\/11029\/revisions\/11031"}],"wp:featuredmedia":[{"embeddable":true,"href":"http:\/\/www.funceme.br\/index.php?rest_route=\/wp\/v2\/media\/11030"}],"wp:attachment":[{"href":"http:\/\/www.funceme.br\/index.php?rest_route=%2Fwp%2Fv2%2Fmedia&parent=11029"}],"wp:term":[{"taxonomy":"category","embeddable":true,"href":"http:\/\/www.funceme.br\/index.php?rest_route=%2Fwp%2Fv2%2Fcategories&post=11029"},{"taxonomy":"post_tag","embeddable":true,"href":"http:\/\/www.funceme.br\/index.php?rest_route=%2Fwp%2Fv2%2Ftags&post=11029"}],"curies":[{"name":"wp","href":"https:\/\/api.w.org\/{rel}","templated":true}]}}