{"id":11206,"date":"2022-12-26T08:29:28","date_gmt":"2022-12-26T11:29:28","guid":{"rendered":"http:\/\/www.funceme.br\/?p=11206"},"modified":"2022-12-26T13:45:37","modified_gmt":"2022-12-26T16:45:37","slug":"ultima-semana-de-2023-inicia-se-com-tempo-mais-estavel-em-todas-as-macrorregioes","status":"publish","type":"post","link":"http:\/\/www.funceme.br\/?p=11206","title":{"rendered":"\u00daltima semana de 2023 inicia-se com tempo mais est\u00e1vel em todas as macrorregi\u00f5es"},"content":{"rendered":"<div id=\"attachment_11207\" style=\"width: 760px\" class=\"wp-caption alignnone\"><img aria-describedby=\"caption-attachment-11207\" decoding=\"async\" loading=\"lazy\" class=\"wp-image-11207\" src=\"http:\/\/www.funceme.br\/wp-content\/uploads\/2022\/12\/WhatsApp-Image-2022-12-26-at-13.36.03.jpeg\" alt=\"At\u00e9 ter\u00e7a (27), pelo menos, condi\u00e7\u00f5es dever\u00e3o ser mais est\u00e1veis (FOTO: Marciel Bezerra)\" width=\"750\" height=\"422\" srcset=\"http:\/\/www.funceme.br\/wp-content\/uploads\/2022\/12\/WhatsApp-Image-2022-12-26-at-13.36.03.jpeg 1600w, http:\/\/www.funceme.br\/wp-content\/uploads\/2022\/12\/WhatsApp-Image-2022-12-26-at-13.36.03-600x338.jpeg 600w, http:\/\/www.funceme.br\/wp-content\/uploads\/2022\/12\/WhatsApp-Image-2022-12-26-at-13.36.03-1200x675.jpeg 1200w, http:\/\/www.funceme.br\/wp-content\/uploads\/2022\/12\/WhatsApp-Image-2022-12-26-at-13.36.03-768x432.jpeg 768w, http:\/\/www.funceme.br\/wp-content\/uploads\/2022\/12\/WhatsApp-Image-2022-12-26-at-13.36.03-1536x864.jpeg 1536w\" sizes=\"(max-width: 750px) 100vw, 750px\" \/><p id=\"caption-attachment-11207\" class=\"wp-caption-text\"><span style=\"color: #6b6b6b;\"><em>At\u00e9 ter\u00e7a (27), pelo menos, condi\u00e7\u00f5es dever\u00e3o ser mais est\u00e1veis (FOTO: Marciel Bezerra)<\/em><\/span><\/p><\/div>\n<p style=\"text-align: justify;\"><span style=\"font-weight: 400;\">A \u00faltima semana do ano de 2023 come\u00e7a com predom\u00ednio de condi\u00e7\u00f5es est\u00e1veis de tempo, isto \u00e9, com baixa expectativa de chuva em todas as macrorregi\u00f5es.\u00a0<\/span><\/p>\n<p style=\"text-align: justify;\"><span style=\"font-weight: 400;\">De acordo com a Funda\u00e7\u00e3o Cearense de Meteorologia e Recursos H\u00eddricos (Funceme), esta segunda-feira (26) tem previs\u00e3o apenas de c\u00e9u variando entre parcialmente nublado a sem nuvens em todo o territ\u00f3rio.<\/span><\/p>\n<p style=\"text-align: justify;\"><span style=\"font-weight: 400;\">J\u00e1 para ter\u00e7a (27), h\u00e1 uma tend\u00eancia de chuvas pontuais no Cariri, Ibiapaba e ao longo da faixa litor\u00e2nea, por\u00e9m, a expectativa \u00e9 de acumulados pouco expressivos.<\/span><\/p>\n","protected":false},"excerpt":{"rendered":"<p>A \u00faltima semana do ano de 2023 come\u00e7a com predom\u00ednio de condi\u00e7\u00f5es est\u00e1veis de tempo, isto \u00e9, com baixa expectativa de chuva em todas as macrorregi\u00f5es.\u00a0<\/p>\n","protected":false},"author":4,"featured_media":11207,"comment_status":"closed","ping_status":"open","sticky":false,"template":"","format":"standard","meta":[],"categories":[81,15],"tags":[],"acf":[],"_links":{"self":[{"href":"http:\/\/www.funceme.br\/index.php?rest_route=\/wp\/v2\/posts\/11206"}],"collection":[{"href":"http:\/\/www.funceme.br\/index.php?rest_route=\/wp\/v2\/posts"}],"about":[{"href":"http:\/\/www.funceme.br\/index.php?rest_route=\/wp\/v2\/types\/post"}],"author":[{"embeddable":true,"href":"http:\/\/www.funceme.br\/index.php?rest_route=\/wp\/v2\/users\/4"}],"replies":[{"embeddable":true,"href":"http:\/\/www.funceme.br\/index.php?rest_route=%2Fwp%2Fv2%2Fcomments&post=11206"}],"version-history":[{"count":1,"href":"http:\/\/www.funceme.br\/index.php?rest_route=\/wp\/v2\/posts\/11206\/revisions"}],"predecessor-version":[{"id":11208,"href":"http:\/\/www.funceme.br\/index.php?rest_route=\/wp\/v2\/posts\/11206\/revisions\/11208"}],"wp:featuredmedia":[{"embeddable":true,"href":"http:\/\/www.funceme.br\/index.php?rest_route=\/wp\/v2\/media\/11207"}],"wp:attachment":[{"href":"http:\/\/www.funceme.br\/index.php?rest_route=%2Fwp%2Fv2%2Fmedia&parent=11206"}],"wp:term":[{"taxonomy":"category","embeddable":true,"href":"http:\/\/www.funceme.br\/index.php?rest_route=%2Fwp%2Fv2%2Fcategories&post=11206"},{"taxonomy":"post_tag","embeddable":true,"href":"http:\/\/www.funceme.br\/index.php?rest_route=%2Fwp%2Fv2%2Ftags&post=11206"}],"curies":[{"name":"wp","href":"https:\/\/api.w.org\/{rel}","templated":true}]}}