{"id":11215,"date":"2022-12-28T12:43:11","date_gmt":"2022-12-28T15:43:11","guid":{"rendered":"http:\/\/www.funceme.br\/?p=11215"},"modified":"2022-12-28T12:45:07","modified_gmt":"2022-12-28T15:45:07","slug":"previsao-indica-chuvas-isoladas-ao-longo-do-ceara-a-partir-na-noite-desta-quarta-feira-28","status":"publish","type":"post","link":"http:\/\/www.funceme.br\/?p=11215","title":{"rendered":"Previs\u00e3o indica chuvas isoladas ao longo do Cear\u00e1 a partir na noite desta quarta-feira (28)"},"content":{"rendered":"<div id=\"attachment_11217\" style=\"width: 760px\" class=\"wp-caption aligncenter\"><img aria-describedby=\"caption-attachment-11217\" decoding=\"async\" loading=\"lazy\" class=\"wp-image-11217\" src=\"http:\/\/www.funceme.br\/wp-content\/uploads\/2022\/12\/WhatsApp-Image-2022-12-27-at-11.18.22.jpeg\" alt=\"Cariri est\u00e1 entre as \u00e1reas favor\u00e1veis \u00e0 chuva (FOTO: Marciel Bezerra)\" width=\"750\" height=\"422\" srcset=\"http:\/\/www.funceme.br\/wp-content\/uploads\/2022\/12\/WhatsApp-Image-2022-12-27-at-11.18.22.jpeg 1600w, http:\/\/www.funceme.br\/wp-content\/uploads\/2022\/12\/WhatsApp-Image-2022-12-27-at-11.18.22-600x338.jpeg 600w, http:\/\/www.funceme.br\/wp-content\/uploads\/2022\/12\/WhatsApp-Image-2022-12-27-at-11.18.22-1200x675.jpeg 1200w, http:\/\/www.funceme.br\/wp-content\/uploads\/2022\/12\/WhatsApp-Image-2022-12-27-at-11.18.22-768x432.jpeg 768w, http:\/\/www.funceme.br\/wp-content\/uploads\/2022\/12\/WhatsApp-Image-2022-12-27-at-11.18.22-1536x864.jpeg 1536w\" sizes=\"(max-width: 750px) 100vw, 750px\" \/><p id=\"caption-attachment-11217\" class=\"wp-caption-text\">Cariri est\u00e1 entre as \u00e1reas favor\u00e1veis \u00e0 chuva (FOTO: Marciel Bezerra)<\/p><\/div>\n<p style=\"text-align: justify;\"><span style=\"font-weight: 400;\">O Cear\u00e1 volta a apresentar condi\u00e7\u00f5es para chuvas isoladas a partir da noite desta quarta-feira\u00a0 (28), conforme previs\u00e3o do tempo realizada pela Funda\u00e7\u00e3o Cearense de Meteorologia e Recursos H\u00eddricos (Funceme).<\/span><\/p>\n<p style=\"text-align: justify;\"><span style=\"font-weight: 400;\">O cen\u00e1rio relativamente mais favor\u00e1vel a precipita\u00e7\u00f5es quando comparado ao come\u00e7o da semana se d\u00e1 pela atua\u00e7\u00e3o de uma V\u00f3rtice Cicl\u00f4nico de Altos N\u00edveis (VCAN), que est\u00e1 localizado a leste do Nordeste. A tend\u00eancia \u00e9 que ele colabore para chuvas pontuais no Litoral de Fortaleza, Cariri e sul do Sert\u00e3o Central e Inhamuns na noite desta quarta.<\/span><\/p>\n<p style=\"text-align: justify;\"><span style=\"font-weight: 400;\">J\u00e1 para quinta-feira (29), as chances aumentam, quando as macrorregi\u00f5es do Litoral Norte e a por\u00e7\u00e3o norte da Jaguaribana tamb\u00e9m dever\u00e3o apresentar condi\u00e7\u00f5es para registros isolados.<\/span><\/p>\n<p style=\"text-align: justify;\"><span style=\"font-weight: 400;\">Por fim, na sexta-feira (30), a Funceme indica alta possibilidade de chuva na faixa litor\u00e2nea e Cariri. Nas demais \u00e1reas, chances reduzidas.<\/span><\/p>\n","protected":false},"excerpt":{"rendered":"<p>O Cear\u00e1 volta a apresentar condi\u00e7\u00f5es para chuvas isoladas a partir da noite desta quarta-feira\u00a0 (28), conforme previs\u00e3o do tempo realizada pela Funda\u00e7\u00e3o Cearense de Meteorologia e Recursos H\u00eddricos (Funceme).<\/p>\n","protected":false},"author":4,"featured_media":11217,"comment_status":"closed","ping_status":"open","sticky":false,"template":"","format":"standard","meta":[],"categories":[81,15],"tags":[101],"acf":[],"_links":{"self":[{"href":"http:\/\/www.funceme.br\/index.php?rest_route=\/wp\/v2\/posts\/11215"}],"collection":[{"href":"http:\/\/www.funceme.br\/index.php?rest_route=\/wp\/v2\/posts"}],"about":[{"href":"http:\/\/www.funceme.br\/index.php?rest_route=\/wp\/v2\/types\/post"}],"author":[{"embeddable":true,"href":"http:\/\/www.funceme.br\/index.php?rest_route=\/wp\/v2\/users\/4"}],"replies":[{"embeddable":true,"href":"http:\/\/www.funceme.br\/index.php?rest_route=%2Fwp%2Fv2%2Fcomments&post=11215"}],"version-history":[{"count":3,"href":"http:\/\/www.funceme.br\/index.php?rest_route=\/wp\/v2\/posts\/11215\/revisions"}],"predecessor-version":[{"id":11219,"href":"http:\/\/www.funceme.br\/index.php?rest_route=\/wp\/v2\/posts\/11215\/revisions\/11219"}],"wp:featuredmedia":[{"embeddable":true,"href":"http:\/\/www.funceme.br\/index.php?rest_route=\/wp\/v2\/media\/11217"}],"wp:attachment":[{"href":"http:\/\/www.funceme.br\/index.php?rest_route=%2Fwp%2Fv2%2Fmedia&parent=11215"}],"wp:term":[{"taxonomy":"category","embeddable":true,"href":"http:\/\/www.funceme.br\/index.php?rest_route=%2Fwp%2Fv2%2Fcategories&post=11215"},{"taxonomy":"post_tag","embeddable":true,"href":"http:\/\/www.funceme.br\/index.php?rest_route=%2Fwp%2Fv2%2Ftags&post=11215"}],"curies":[{"name":"wp","href":"https:\/\/api.w.org\/{rel}","templated":true}]}}