{"id":11328,"date":"2023-01-30T10:38:13","date_gmt":"2023-01-30T13:38:13","guid":{"rendered":"http:\/\/www.funceme.br\/?p=11328"},"modified":"2023-01-30T10:38:13","modified_gmt":"2023-01-30T13:38:13","slug":"fim-de-semana-de-poucas-chuvas-no-ceara-confira-balanco","status":"publish","type":"post","link":"http:\/\/www.funceme.br\/?p=11328","title":{"rendered":"Fim de semana de poucas chuvas no Cear\u00e1; confira balan\u00e7o"},"content":{"rendered":"<p><span style=\"font-weight: 300;\">O \u00faltimo fim de semana de janeiro de 2023 foi de poucas chuvas. O cen\u00e1rio havia sido apontado em previs\u00e3o do tempo elaborada pela Funda\u00e7\u00e3o Cearense de Meteorologia e Recursos H\u00eddricos (Funceme).<\/span><\/p>\n<p><span style=\"font-weight: 300;\">Entre s\u00e1bado (29) e domingo (29), choveu em apenas 12 munic\u00edpios. Os principais acumulados foram: Potengi (18 mil\u00edmetros), V\u00e1rzea Alegre (8 mm), S\u00e3o Gon\u00e7alo do Amarante (5,2 mm).<\/span><\/p>\n<p><span style=\"font-weight: 300;\">J\u00e1 entre domingo (29) e esta segunda-feira (30) os acumulados seguiram sendo pouco expressivos, tendo como maiores chuvas em Fortaleza (31 mm) e Pacoti (20 mm).<\/span><\/p>\n<p><span style=\"font-weight: 300;\">Para mas dados, basta acessar <a href=\"http:\/\/funceme.br\/calendario\">funceme.br\/calendario<\/a>.<\/span><\/p>\n","protected":false},"excerpt":{"rendered":"<p>O \u00faltimo fim de semana de janeiro de 2023 foi de poucas chuvas. O cen\u00e1rio havia sido apontado em previs\u00e3o do tempo elaborada pela Funda\u00e7\u00e3o Cearense de Meteorologia e Recursos H\u00eddricos (Funceme).<\/p>\n","protected":false},"author":4,"featured_media":0,"comment_status":"closed","ping_status":"open","sticky":false,"template":"","format":"standard","meta":[],"categories":[81,15],"tags":[47,49,294],"acf":[],"_links":{"self":[{"href":"http:\/\/www.funceme.br\/index.php?rest_route=\/wp\/v2\/posts\/11328"}],"collection":[{"href":"http:\/\/www.funceme.br\/index.php?rest_route=\/wp\/v2\/posts"}],"about":[{"href":"http:\/\/www.funceme.br\/index.php?rest_route=\/wp\/v2\/types\/post"}],"author":[{"embeddable":true,"href":"http:\/\/www.funceme.br\/index.php?rest_route=\/wp\/v2\/users\/4"}],"replies":[{"embeddable":true,"href":"http:\/\/www.funceme.br\/index.php?rest_route=%2Fwp%2Fv2%2Fcomments&post=11328"}],"version-history":[{"count":1,"href":"http:\/\/www.funceme.br\/index.php?rest_route=\/wp\/v2\/posts\/11328\/revisions"}],"predecessor-version":[{"id":11329,"href":"http:\/\/www.funceme.br\/index.php?rest_route=\/wp\/v2\/posts\/11328\/revisions\/11329"}],"wp:attachment":[{"href":"http:\/\/www.funceme.br\/index.php?rest_route=%2Fwp%2Fv2%2Fmedia&parent=11328"}],"wp:term":[{"taxonomy":"category","embeddable":true,"href":"http:\/\/www.funceme.br\/index.php?rest_route=%2Fwp%2Fv2%2Fcategories&post=11328"},{"taxonomy":"post_tag","embeddable":true,"href":"http:\/\/www.funceme.br\/index.php?rest_route=%2Fwp%2Fv2%2Ftags&post=11328"}],"curies":[{"name":"wp","href":"https:\/\/api.w.org\/{rel}","templated":true}]}}