{"id":11565,"date":"2023-03-27T12:13:52","date_gmt":"2023-03-27T15:13:52","guid":{"rendered":"http:\/\/www.funceme.br\/?p=11565"},"modified":"2023-03-27T12:13:52","modified_gmt":"2023-03-27T15:13:52","slug":"ceara-segue-com-tendencia-de-chuvas-em-todas-as-macrorregioes-neste-inicio-de-semana","status":"publish","type":"post","link":"http:\/\/www.funceme.br\/?p=11565","title":{"rendered":"Cear\u00e1 segue com tend\u00eancia de chuvas em todas as macrorregi\u00f5es neste in\u00edcio de semana"},"content":{"rendered":"<div id=\"attachment_11566\" style=\"width: 760px\" class=\"wp-caption alignnone\"><img aria-describedby=\"caption-attachment-11566\" decoding=\"async\" loading=\"lazy\" class=\"wp-image-11566\" src=\"http:\/\/www.funceme.br\/wp-content\/uploads\/2023\/03\/WhatsApp-Image-2023-03-25-at-07.39.45.jpeg\" alt=\"Precipita\u00e7\u00f5es t\u00eam rela\u00e7\u00e3o com a atua\u00e7\u00e3o da ZCIT (FOTO: Marciel Bezerra)\" width=\"750\" height=\"422\" srcset=\"http:\/\/www.funceme.br\/wp-content\/uploads\/2023\/03\/WhatsApp-Image-2023-03-25-at-07.39.45.jpeg 1600w, http:\/\/www.funceme.br\/wp-content\/uploads\/2023\/03\/WhatsApp-Image-2023-03-25-at-07.39.45-600x338.jpeg 600w, http:\/\/www.funceme.br\/wp-content\/uploads\/2023\/03\/WhatsApp-Image-2023-03-25-at-07.39.45-1200x675.jpeg 1200w, http:\/\/www.funceme.br\/wp-content\/uploads\/2023\/03\/WhatsApp-Image-2023-03-25-at-07.39.45-768x432.jpeg 768w, http:\/\/www.funceme.br\/wp-content\/uploads\/2023\/03\/WhatsApp-Image-2023-03-25-at-07.39.45-1536x864.jpeg 1536w\" sizes=\"(max-width: 750px) 100vw, 750px\" \/><p id=\"caption-attachment-11566\" class=\"wp-caption-text\">Precipita\u00e7\u00f5es t\u00eam rela\u00e7\u00e3o com a atua\u00e7\u00e3o da ZCIT (FOTO: Marciel Bezerra)<\/p><\/div>\n<p style=\"text-align: justify;\"><span style=\"font-weight: 400;\">O Cear\u00e1 deve seguir com cen\u00e1rio favor\u00e1vel para chuvas em todas as macrorregi\u00f5es at\u00e9 esta ter\u00e7a-feira (28), pelo menos.<\/span><\/p>\n<p style=\"text-align: justify;\"><span style=\"font-weight: 400;\">De acordo com a Funda\u00e7\u00e3o Cearense de Meteorologia e Recursos H\u00eddricos (Funceme), precipita\u00e7\u00f5es expressivas s\u00e3o esperadas entre tarde e noite desta segunda-feira (27) no centro-sul do Estado.<\/span><\/p>\n<p style=\"text-align: justify;\"><span style=\"font-weight: 400;\">J\u00e1 para o in\u00edcio de ter\u00e7a, a faixa litor\u00e2nea e o Cariri dever\u00e3o apresentar os maiores acumulados, chegando \u00e0s demais \u00e1reas do Cear\u00e1 ao longo do dia.<\/span><\/p>\n<p style=\"text-align: justify;\"><span style=\"font-weight: 400;\">Por fim, para a pr\u00f3xima quarta-feira (29), a tend\u00eancia \u00e9 de redu\u00e7\u00e3o nas chuvas, por\u00e9m, ainda chegando a todas as macrorregi\u00f5es.<\/span><\/p>\n<p style=\"text-align: justify;\"><span style=\"font-weight: 400;\">As precipita\u00e7\u00f5es mais recentes t\u00eam rela\u00e7\u00e3o com a atua\u00e7\u00e3o da Zona de Converg\u00eancia Intertropical (ZCIT), que encontra-se pr\u00f3ximo \u00e0 costa norte da regi\u00e3o Nordeste.<\/span><\/p>\n","protected":false},"excerpt":{"rendered":"<p>O Cear\u00e1 deve seguir com cen\u00e1rio favor\u00e1vel para chuvas em todas as macrorregi\u00f5es at\u00e9 esta ter\u00e7a-feira (28), pelo menos.<\/p>\n","protected":false},"author":4,"featured_media":11566,"comment_status":"closed","ping_status":"open","sticky":false,"template":"","format":"standard","meta":[],"categories":[81,15],"tags":[50,358,47,49],"acf":[],"_links":{"self":[{"href":"http:\/\/www.funceme.br\/index.php?rest_route=\/wp\/v2\/posts\/11565"}],"collection":[{"href":"http:\/\/www.funceme.br\/index.php?rest_route=\/wp\/v2\/posts"}],"about":[{"href":"http:\/\/www.funceme.br\/index.php?rest_route=\/wp\/v2\/types\/post"}],"author":[{"embeddable":true,"href":"http:\/\/www.funceme.br\/index.php?rest_route=\/wp\/v2\/users\/4"}],"replies":[{"embeddable":true,"href":"http:\/\/www.funceme.br\/index.php?rest_route=%2Fwp%2Fv2%2Fcomments&post=11565"}],"version-history":[{"count":1,"href":"http:\/\/www.funceme.br\/index.php?rest_route=\/wp\/v2\/posts\/11565\/revisions"}],"predecessor-version":[{"id":11567,"href":"http:\/\/www.funceme.br\/index.php?rest_route=\/wp\/v2\/posts\/11565\/revisions\/11567"}],"wp:featuredmedia":[{"embeddable":true,"href":"http:\/\/www.funceme.br\/index.php?rest_route=\/wp\/v2\/media\/11566"}],"wp:attachment":[{"href":"http:\/\/www.funceme.br\/index.php?rest_route=%2Fwp%2Fv2%2Fmedia&parent=11565"}],"wp:term":[{"taxonomy":"category","embeddable":true,"href":"http:\/\/www.funceme.br\/index.php?rest_route=%2Fwp%2Fv2%2Fcategories&post=11565"},{"taxonomy":"post_tag","embeddable":true,"href":"http:\/\/www.funceme.br\/index.php?rest_route=%2Fwp%2Fv2%2Ftags&post=11565"}],"curies":[{"name":"wp","href":"https:\/\/api.w.org\/{rel}","templated":true}]}}