{"id":11744,"date":"2023-06-01T12:54:26","date_gmt":"2023-06-01T15:54:26","guid":{"rendered":"http:\/\/www.funceme.br\/?p=11744"},"modified":"2023-06-01T12:57:37","modified_gmt":"2023-06-01T15:57:37","slug":"litoral-cariri-e-e-jaguaribana-tem-mais-chances-de-chuvas-isoladas-neste-inicio-de-junho","status":"publish","type":"post","link":"http:\/\/www.funceme.br\/?p=11744","title":{"rendered":"Litoral, Cariri e e Jaguaribana t\u00eam maiores chances de chuvas neste in\u00edcio de junho"},"content":{"rendered":"<p style=\"text-align: justify;\">O in\u00edcio do m\u00eas de junho, que marca o come\u00e7o da P\u00f3s-Esta\u00e7\u00e3o, deve apresentar condi\u00e7\u00f5es para chuvas pontuais em determinadas macrorregi\u00f5es do Cear\u00e1.<\/p>\n<p style=\"text-align: justify;\">Tanto para esta quinta-feira (1\u00ba) como para sexta (2), a Funda\u00e7\u00e3o Cearense de Meteorologia e Recursos H\u00eddricos (Funceme) indica que a faixa litor\u00e2nea, Jaguaribana e o Cariri s\u00e3o as \u00e1reas do Estado com maiores chances de precipita\u00e7\u00f5es , ainda que isoladas.<\/p>\n<p style=\"text-align: justify;\">O regsitros esperados t\u00eam rela\u00e7\u00e3o com a atua\u00e7\u00e3o de \u00e1reas de instabilidade oriundas do leste do Nordeste e efeitos locais, como umidade, tempretaura e relevo. Al\u00e9m disso, espera-se aidna atua\u00e7\u00e3o do sistema de brisa.<\/p>\n","protected":false},"excerpt":{"rendered":"<p>O in\u00edcio do m\u00eas de junho, que marca o come\u00e7o da P\u00f3s-Esta\u00e7\u00e3o, deve apresentar condi\u00e7\u00f5es para chuvas pontuais em determinadas macrorregi\u00f5es do Cear\u00e1.<\/p>\n","protected":false},"author":4,"featured_media":0,"comment_status":"closed","ping_status":"open","sticky":false,"template":"","format":"standard","meta":[],"categories":[81,15],"tags":[57,47,48,275],"acf":[],"_links":{"self":[{"href":"http:\/\/www.funceme.br\/index.php?rest_route=\/wp\/v2\/posts\/11744"}],"collection":[{"href":"http:\/\/www.funceme.br\/index.php?rest_route=\/wp\/v2\/posts"}],"about":[{"href":"http:\/\/www.funceme.br\/index.php?rest_route=\/wp\/v2\/types\/post"}],"author":[{"embeddable":true,"href":"http:\/\/www.funceme.br\/index.php?rest_route=\/wp\/v2\/users\/4"}],"replies":[{"embeddable":true,"href":"http:\/\/www.funceme.br\/index.php?rest_route=%2Fwp%2Fv2%2Fcomments&post=11744"}],"version-history":[{"count":2,"href":"http:\/\/www.funceme.br\/index.php?rest_route=\/wp\/v2\/posts\/11744\/revisions"}],"predecessor-version":[{"id":11747,"href":"http:\/\/www.funceme.br\/index.php?rest_route=\/wp\/v2\/posts\/11744\/revisions\/11747"}],"wp:attachment":[{"href":"http:\/\/www.funceme.br\/index.php?rest_route=%2Fwp%2Fv2%2Fmedia&parent=11744"}],"wp:term":[{"taxonomy":"category","embeddable":true,"href":"http:\/\/www.funceme.br\/index.php?rest_route=%2Fwp%2Fv2%2Fcategories&post=11744"},{"taxonomy":"post_tag","embeddable":true,"href":"http:\/\/www.funceme.br\/index.php?rest_route=%2Fwp%2Fv2%2Ftags&post=11744"}],"curies":[{"name":"wp","href":"https:\/\/api.w.org\/{rel}","templated":true}]}}