{"id":11759,"date":"2023-06-06T10:37:29","date_gmt":"2023-06-06T13:37:29","guid":{"rendered":"http:\/\/www.funceme.br\/?p=11759"},"modified":"2023-06-06T10:37:29","modified_gmt":"2023-06-06T13:37:29","slug":"funceme-assina-compromisso-com-programa-estadual-de-coleta-seletiva-solidaria","status":"publish","type":"post","link":"http:\/\/www.funceme.br\/?p=11759","title":{"rendered":"Funceme assina compromisso com programa estadual de coleta seletiva solid\u00e1ria"},"content":{"rendered":"<p style=\"text-align: justify;\">A Funda\u00e7\u00e3o Cearense de Meteorologia e Recursos H\u00eddricos (Funceme) assina nesta quarta-feira (7), \u00e0s 11h, o Termo de Compromisso determina a destina\u00e7\u00e3o dos res\u00edduos s\u00f3lidos \u00e0 <strong>Associa\u00e7\u00e3o de Catadores e Catadoras Raio de Sol<\/strong>. Com media\u00e7\u00e3o da Secretaria do Meio Ambiente e Mudan\u00e7a do Clima (Sema), o acordo vai integrar o programa Coleta Seletiva Solid\u00e1ria.<\/p>\n<p style=\"text-align: justify;\">Al\u00e9m de doar, com exclusividade, seus res\u00edduos s\u00f3lidos recicl\u00e1veis, a Funceme compromete-se em implantar e supervisionar a coleta seletiva interna, armazenando o material em local seguro at\u00e9 que seja coletado pela Associa\u00e7\u00e3o. Entre outras obriga\u00e7\u00f5es est\u00e3o ainda o acompanhamento das atividades, avaliando os resultados por meio da Comiss\u00e3o Setorial da Coleta Seletiva Solid\u00e1ria.<\/p>\n<p style=\"text-align: justify;\">Durante o evento, ser\u00e3o assinados tamb\u00e9m os termos de compromisso da Secretaria de Infraestrutura (Seinfra), bem como a renova\u00e7\u00e3o do termo da Companhia de Gest\u00e3o dos Recursos H\u00eddricos (Cogerh) e Superintend\u00eancia de Obras Hidr\u00e1ulicas (Sohidra).<\/p>\n<p style=\"text-align: justify;\"><strong>Sobre a Coleta<\/strong><\/p>\n<p style=\"text-align: justify;\">A Coleta Seletiva Solid\u00e1ria foi institu\u00edda pelo Decreto Estadual no 32.981, de 21 de fevereiro de 2019, diante da import\u00e2ncia do exemplo que deve ser transmitido \u00e0 sociedade por parte de todas as entidades e \u00f3rg\u00e3os que comp\u00f5em a Administra\u00e7\u00e3o P\u00fablica Estadual direta e indireta na correta destina\u00e7\u00e3o dos res\u00edduos recicl\u00e1veis com a participa\u00e7\u00e3o de associa\u00e7\u00f5es e\/ou cooperativas de catadores, buscando \u00e0 inclus\u00e3o social e emancipa\u00e7\u00e3o econ\u00f4mica de catadores de materiais reciclados.<\/p>\n","protected":false},"excerpt":{"rendered":"<p>A Funda\u00e7\u00e3o Cearense de Meteorologia e Recursos H\u00eddricos (Funceme) assina nesta quarta-feira (7), \u00e0s 11h, o Termo de Compromisso determina a destina\u00e7\u00e3o dos res\u00edduos s\u00f3lidos \u00e0 Associa\u00e7\u00e3o de Catadores e Catadoras Raio de Sol.<\/p>\n","protected":false},"author":4,"featured_media":0,"comment_status":"closed","ping_status":"open","sticky":false,"template":"","format":"standard","meta":[],"categories":[289,15],"tags":[536,74,537,339,533],"acf":[],"_links":{"self":[{"href":"http:\/\/www.funceme.br\/index.php?rest_route=\/wp\/v2\/posts\/11759"}],"collection":[{"href":"http:\/\/www.funceme.br\/index.php?rest_route=\/wp\/v2\/posts"}],"about":[{"href":"http:\/\/www.funceme.br\/index.php?rest_route=\/wp\/v2\/types\/post"}],"author":[{"embeddable":true,"href":"http:\/\/www.funceme.br\/index.php?rest_route=\/wp\/v2\/users\/4"}],"replies":[{"embeddable":true,"href":"http:\/\/www.funceme.br\/index.php?rest_route=%2Fwp%2Fv2%2Fcomments&post=11759"}],"version-history":[{"count":1,"href":"http:\/\/www.funceme.br\/index.php?rest_route=\/wp\/v2\/posts\/11759\/revisions"}],"predecessor-version":[{"id":11760,"href":"http:\/\/www.funceme.br\/index.php?rest_route=\/wp\/v2\/posts\/11759\/revisions\/11760"}],"wp:attachment":[{"href":"http:\/\/www.funceme.br\/index.php?rest_route=%2Fwp%2Fv2%2Fmedia&parent=11759"}],"wp:term":[{"taxonomy":"category","embeddable":true,"href":"http:\/\/www.funceme.br\/index.php?rest_route=%2Fwp%2Fv2%2Fcategories&post=11759"},{"taxonomy":"post_tag","embeddable":true,"href":"http:\/\/www.funceme.br\/index.php?rest_route=%2Fwp%2Fv2%2Ftags&post=11759"}],"curies":[{"name":"wp","href":"https:\/\/api.w.org\/{rel}","templated":true}]}}