{"id":11905,"date":"2023-07-21T11:28:17","date_gmt":"2023-07-21T14:28:17","guid":{"rendered":"http:\/\/www.funceme.br\/?p=11905"},"modified":"2023-07-21T11:28:17","modified_gmt":"2023-07-21T14:28:17","slug":"com-136-oc-sao-benedito-registra-a-menor-temperatura-do-ceara-em-2023","status":"publish","type":"post","link":"http:\/\/www.funceme.br\/?p=11905","title":{"rendered":"Com 13,6 \u00baC, S\u00e3o Benedito registra a menor temperatura do Cear\u00e1 em 2023"},"content":{"rendered":"<p style=\"text-align: justify;\">O munic\u00edpio de S\u00e3o Benedito, localizado na macrorregi\u00e3o da Ibiapaba, registrou, na madrugada desta sexta-feira (21), a menor temperatura do ano entre as localidades monitoradas pela Funda\u00e7\u00e3o Cearense de Meteorologia e Recursos H\u00eddricos (Funceme).<\/p>\n<p style=\"text-align: justify;\">Com 13,6\u00baC, a m\u00ednima de <strong>S\u00e3o Benedito<\/strong> superou os 14,2 \u00baC de Aiuaba, no Sert\u00e3o Central e Inhamuns, registrada no \u00faltimo dia 14 de julho. Outro desta desta sexta foi Fortaleza. A Capital atingiu 21,1 \u00baC por volta das 6h da manh\u00e3, sendo este o menor regsitro de m\u00ednima em 2023.<\/p>\n<p style=\"text-align: justify;\"><strong>Cen\u00e1rio esperado<\/strong><\/p>\n<p style=\"text-align: justify;\">Desde esta quinta-feira (20), a Funceme vem observando o deslocamento e a influ\u00eancia aqui no Cear\u00e1 de uma massa de ar menos aquecida, oriunda do Oceano Atl\u00e2ntico Tropical. Somado a isso, o Estado j\u00e1 vinha apresentando uma condi\u00e7\u00e3o de maior estabilidade atmosf\u00e9rica e poucas nuvens.<\/p>\n<p style=\"text-align: justify;\">Conforme o pesquisador Lucas Fumagalli, a combina\u00e7\u00e3o de ar menos aquecido e condi\u00e7\u00e3o de c\u00e9u claro contribuiu para a queda da temperatura.<\/p>\n<p style=\"text-align: justify;\">&#8220;A situa\u00e7\u00e3o pode ser observada novamente nos pr\u00f3ximos dias, mas j\u00e1 se prev\u00ea um aquecimento da temperatura no decorrer do final de semana, com aumento da umidade, nebulosidade e eventualmente chuvas, como apontado na previs\u00e3o para domingo&#8221;, complenta Fumagalli.<\/p>\n","protected":false},"excerpt":{"rendered":"<p>O munic\u00edpio de S\u00e3o Benedito, localizado na macrorregi\u00e3o da Ibiapaba, registrou, na madrugada desta sexta-feira (21), a menor temperatura do ano entre as localidades monitoradas pela Funda\u00e7\u00e3o Cearense de Meteorologia e Recursos H\u00eddricos (Funceme).<\/p>\n","protected":false},"author":4,"featured_media":0,"comment_status":"closed","ping_status":"open","sticky":false,"template":"","format":"standard","meta":[],"categories":[81],"tags":[551,49,282,324],"acf":[],"_links":{"self":[{"href":"http:\/\/www.funceme.br\/index.php?rest_route=\/wp\/v2\/posts\/11905"}],"collection":[{"href":"http:\/\/www.funceme.br\/index.php?rest_route=\/wp\/v2\/posts"}],"about":[{"href":"http:\/\/www.funceme.br\/index.php?rest_route=\/wp\/v2\/types\/post"}],"author":[{"embeddable":true,"href":"http:\/\/www.funceme.br\/index.php?rest_route=\/wp\/v2\/users\/4"}],"replies":[{"embeddable":true,"href":"http:\/\/www.funceme.br\/index.php?rest_route=%2Fwp%2Fv2%2Fcomments&post=11905"}],"version-history":[{"count":1,"href":"http:\/\/www.funceme.br\/index.php?rest_route=\/wp\/v2\/posts\/11905\/revisions"}],"predecessor-version":[{"id":11906,"href":"http:\/\/www.funceme.br\/index.php?rest_route=\/wp\/v2\/posts\/11905\/revisions\/11906"}],"wp:attachment":[{"href":"http:\/\/www.funceme.br\/index.php?rest_route=%2Fwp%2Fv2%2Fmedia&parent=11905"}],"wp:term":[{"taxonomy":"category","embeddable":true,"href":"http:\/\/www.funceme.br\/index.php?rest_route=%2Fwp%2Fv2%2Fcategories&post=11905"},{"taxonomy":"post_tag","embeddable":true,"href":"http:\/\/www.funceme.br\/index.php?rest_route=%2Fwp%2Fv2%2Ftags&post=11905"}],"curies":[{"name":"wp","href":"https:\/\/api.w.org\/{rel}","templated":true}]}}