{"id":11927,"date":"2023-08-01T10:47:25","date_gmt":"2023-08-01T13:47:25","guid":{"rendered":"http:\/\/www.funceme.br\/?p=11927"},"modified":"2023-08-01T10:47:25","modified_gmt":"2023-08-01T13:47:25","slug":"funceme-integra-debate-sobre-a-politica-nacional-de-combate-a-desertificacao","status":"publish","type":"post","link":"http:\/\/www.funceme.br\/?p=11927","title":{"rendered":"Funceme integra debate sobre a Pol\u00edtica Nacional de Combate \u00e0 Desertifica\u00e7\u00e3o"},"content":{"rendered":"<p>Representado pela Ger\u00eancia de Meio Ambiente, a Funda\u00e7\u00e3o Cearense de Meteorologia e Recursos H\u00eddricos (Funceme) participa da 10\u00aa edi\u00e7\u00e3o do <strong>Semi\u00e1rido Show 2023<\/strong>. O evento acontece na sede da Embrapa Semi\u00e1rido, em Petrolina, entre os dias 1 e 4 de agosto. Este ano, o tema ser\u00e1 &#8220;<strong>Ci\u00eancia e tecnologia promovendo o desenvolvimento<\/strong>&#8220;.<\/p>\n<p>De acordo com Margareth Ben\u00edcio, gerente de Meio Ambiente da Funceme, ser\u00e1 uma oportunidade para o Minist\u00e9rio do Meio Ambiente retomar o di\u00e1logo com a sociedade em geral e com a comunidade cient\u00edfica sobre a implementa\u00e7\u00e3o da Pol\u00edtica Nacional de Combate \u00e0 Desertifica\u00e7\u00e3o.<br \/>\nNa nova estrutura do Minist\u00e9rio, foi criado o Departamento de Combate \u00e0 Desertifica\u00e7\u00e3o (DCDE), vinculado \u00e0 Secretaria Nacional de Povos e Comunidades Tradicionais e Desenvolvimento Rural Sustent\u00e1vel (SNPCT). Entre as atribui\u00e7\u00f5es do Departamento est\u00e1 a implementa\u00e7\u00e3o da Pol\u00edtica Nacional de Combate \u00e0 Desertifica\u00e7\u00e3o e Mitiga\u00e7\u00e3o dos Efeitos da Seca (Lei 13.153, de julho de 2015).<\/p>\n<p>\u201cUma das estrat\u00e9gias que este Departamento entende como fundamental para retomada da pol\u00edtica \u00e9 o di\u00e1logo e parceria com as institui\u00e7\u00f5es de pesquisa no sentido de fortalecer o papel da ci\u00eancia na formata\u00e7\u00e3o e implementa\u00e7\u00e3o da pol\u00edtica, bem como buscar formas de financiamento das pesquisas no \u00e2mbito do seu escopo\u201d, comenta Ben\u00edcio.<\/p>\n<p><strong>Expertise<\/strong><\/p>\n<p>O convite feito \u00e0 Funceme tem rela\u00e7\u00e3o com sua expertise na \u00e1rea de estudos sobre desertifica\u00e7\u00e3o. Ao longo de sua hist\u00f3ria, j\u00e1 foram desenvolvidas diversas a\u00e7\u00f5es e pesquisas, tanto em n\u00edvel estadual como nacional.<br \/>\nSua participa\u00e7\u00e3o mais efetiva no Semin\u00e1rio Show 2023 ser\u00e1 nesta quarta-feira (2), em que Margareth Ben\u00edcio participar\u00e1 da discuss\u00e3o \u201cDesafios da Implementa\u00e7\u00e3o da Pol\u00edtica Nacional de Combate \u00e0 Desertifica\u00e7\u00e3o e da UNCCD no Brasil: contribui\u00e7\u00f5es, desafios e possibilidades da Pesquisa\u201d. Na oportunidade ser\u00e1 discutida a implementa\u00e7\u00e3o da Pol\u00edtica Nacional de Combate \u00e0 Desertifica\u00e7\u00e3o.<\/p>\n<p>O Minist\u00e9rio do Meio Ambiente, por meio do Departamento Nacional de Combate \u00e0 Desertifica\u00e7\u00e3o, tem mantido di\u00e1logos estrat\u00e9gicos com Minist\u00e9rios parceiros e com a UNCCD com o intuito de buscar fomentos para alavancar pesquisa e extens\u00e3o no tema de preven\u00e7\u00e3o e combate \u00e0 desertifica\u00e7\u00e3o, impacto das secas e das estrat\u00e9gias de conviv\u00eancia com o semi\u00e1rido.<\/p>\n<p>\u201cEste ser\u00e1, portanto, um importante marco para fomentarmos uma a\u00e7\u00e3o em rede da pesquisa com atua\u00e7\u00e3o estrat\u00e9gica no Semi\u00e1rido Brasileiro. A proposta \u00e9 que, cada institui\u00e7\u00e3o convidada, leve uma reflex\u00e3o sobre &#8220;Quais os pap\u00e9is da pesquisa na retomada da Pol\u00edtica Nacional de Combate \u00e0 Desertifica\u00e7\u00e3o e Mitiga\u00e7\u00e3o dos Efeitos da Seca?&#8221; nesse novo momento do Brasil\u201d, finaliza a gestora e pesquisadora da Funceme.<\/p>\n","protected":false},"excerpt":{"rendered":"<p>Representado pela Ger\u00eancia de Meio Ambiente, a Funda\u00e7\u00e3o Cearense de Meteorologia e Recursos H\u00eddricos (Funceme) participa da 10\u00aa edi\u00e7\u00e3o do Semi\u00e1rido Show 2023. O evento acontece na sede da Embrapa Semi\u00e1rido, em Petrolina, entre os dias 1 e 4 de agosto. Este ano, o tema ser\u00e1 &#8220;Ci\u00eancia e tecnologia promovendo o desenvolvimento&#8221;.<\/p>\n","protected":false},"author":4,"featured_media":0,"comment_status":"closed","ping_status":"open","sticky":false,"template":"","format":"standard","meta":[],"categories":[289,15],"tags":[98,184,552],"acf":[],"_links":{"self":[{"href":"http:\/\/www.funceme.br\/index.php?rest_route=\/wp\/v2\/posts\/11927"}],"collection":[{"href":"http:\/\/www.funceme.br\/index.php?rest_route=\/wp\/v2\/posts"}],"about":[{"href":"http:\/\/www.funceme.br\/index.php?rest_route=\/wp\/v2\/types\/post"}],"author":[{"embeddable":true,"href":"http:\/\/www.funceme.br\/index.php?rest_route=\/wp\/v2\/users\/4"}],"replies":[{"embeddable":true,"href":"http:\/\/www.funceme.br\/index.php?rest_route=%2Fwp%2Fv2%2Fcomments&post=11927"}],"version-history":[{"count":1,"href":"http:\/\/www.funceme.br\/index.php?rest_route=\/wp\/v2\/posts\/11927\/revisions"}],"predecessor-version":[{"id":11928,"href":"http:\/\/www.funceme.br\/index.php?rest_route=\/wp\/v2\/posts\/11927\/revisions\/11928"}],"wp:attachment":[{"href":"http:\/\/www.funceme.br\/index.php?rest_route=%2Fwp%2Fv2%2Fmedia&parent=11927"}],"wp:term":[{"taxonomy":"category","embeddable":true,"href":"http:\/\/www.funceme.br\/index.php?rest_route=%2Fwp%2Fv2%2Fcategories&post=11927"},{"taxonomy":"post_tag","embeddable":true,"href":"http:\/\/www.funceme.br\/index.php?rest_route=%2Fwp%2Fv2%2Ftags&post=11927"}],"curies":[{"name":"wp","href":"https:\/\/api.w.org\/{rel}","templated":true}]}}