{"id":11953,"date":"2023-08-14T11:25:03","date_gmt":"2023-08-14T14:25:03","guid":{"rendered":"http:\/\/www.funceme.br\/?p=11953"},"modified":"2023-08-14T11:25:03","modified_gmt":"2023-08-14T14:25:03","slug":"funceme-participa-de-seminario-sobre-queimadas-e-incendios-florestais","status":"publish","type":"post","link":"http:\/\/www.funceme.br\/?p=11953","title":{"rendered":"Funceme participa de semin\u00e1rio sobre queimadas e inc\u00eandios florestais"},"content":{"rendered":"<p><span style=\"font-weight: 400;\">A Defesa Civil do Cear\u00e1 realiza, no dia 29 de agosto, o \u201c1\u00ba Semin\u00e1rio de Preven\u00e7\u00e3o e Prepara\u00e7\u00e3o para o Per\u00edodo de Estiagem no Estado do Cear\u00e1 em 2023, com Foco nas Queimadas e Inc\u00eandios Florestais\u201d.<\/span><\/p>\n<p><span style=\"font-weight: 400;\">O evento ocorrer\u00e1 na sede do Comando Geral do CBMCE, Audit\u00f3rio do CISP (Av. Borges de Melo, 690 \u2013 Fortaleza) e tem como objetivo difundir a cultura da preven\u00e7\u00e3o e prepara\u00e7\u00e3o para o per\u00edodo de estiagem e seca.<\/span><\/p>\n<p><span style=\"font-weight: 400;\">O semin\u00e1rio apresentar\u00e1 uma s\u00e9rie de palestras e debates para tratar sobre estrat\u00e9gias, desafios e conquistas na preven\u00e7\u00e3o e mitiga\u00e7\u00e3o dos efeitos desses desastres. O enfoque principal ser\u00e1 na preven\u00e7\u00e3o e combate a queimadas e inc\u00eandios florestais. Entre palestras est\u00e1 \u201cO impacto do evento El Ni\u00f1o nos inc\u00eandios florestais no Estado do Cear\u00e1\u201d, que ser\u00e1 ministrada pelo pesquisador da Funda\u00e7\u00e3o Cearense de Meteorologia e Recursos H\u00eddricos (Funceme).<\/span><\/p>\n<p><span style=\"font-weight: 400;\">O p\u00fablico-alvo s\u00e3o todos os gestores e atores envolvidos na preven\u00e7\u00e3o e combate a inc\u00eandios florestais e queimadas nos munic\u00edpios cearenses afetados por esses eventos no per\u00edodo p\u00f3s quadra chuvosa, correspondente ao segundo semestre do ano.<\/span><\/p>\n<p><span style=\"font-weight: 400;\">Inscri\u00e7\u00f5es em: <a href=\"https:\/\/forms.gle\/YKTaMSbgPjqFtHuE8\">https:\/\/forms.gle\/YKTaMSbgPjqFtHuE8<\/a>.<\/span><\/p>\n<p><span style=\"font-weight: 400;\">(o n\u00famero de vagas presenciais ser\u00e1 para os 40 primeiros Bombeiros Militares, 50 primeiros representantes da Coordenadoria Municipal de Prote\u00e7\u00e3o e Defesa Civil (COMPDEC) e 10 convidados)<\/span><\/p>\n","protected":false},"excerpt":{"rendered":"<p>A Defesa Civil do Cear\u00e1 realiza, no dia 29 de agosto, o \u201c1\u00ba Semin\u00e1rio de Preven\u00e7\u00e3o e Prepara\u00e7\u00e3o para o Per\u00edodo de Estiagem no Estado do Cear\u00e1 em 2023, com Foco nas Queimadas e Inc\u00eandios Florestais\u201d.<\/p>\n","protected":false},"author":4,"featured_media":0,"comment_status":"closed","ping_status":"open","sticky":false,"template":"","format":"standard","meta":[],"categories":[59,15],"tags":[554,325],"acf":[],"_links":{"self":[{"href":"http:\/\/www.funceme.br\/index.php?rest_route=\/wp\/v2\/posts\/11953"}],"collection":[{"href":"http:\/\/www.funceme.br\/index.php?rest_route=\/wp\/v2\/posts"}],"about":[{"href":"http:\/\/www.funceme.br\/index.php?rest_route=\/wp\/v2\/types\/post"}],"author":[{"embeddable":true,"href":"http:\/\/www.funceme.br\/index.php?rest_route=\/wp\/v2\/users\/4"}],"replies":[{"embeddable":true,"href":"http:\/\/www.funceme.br\/index.php?rest_route=%2Fwp%2Fv2%2Fcomments&post=11953"}],"version-history":[{"count":1,"href":"http:\/\/www.funceme.br\/index.php?rest_route=\/wp\/v2\/posts\/11953\/revisions"}],"predecessor-version":[{"id":11954,"href":"http:\/\/www.funceme.br\/index.php?rest_route=\/wp\/v2\/posts\/11953\/revisions\/11954"}],"wp:attachment":[{"href":"http:\/\/www.funceme.br\/index.php?rest_route=%2Fwp%2Fv2%2Fmedia&parent=11953"}],"wp:term":[{"taxonomy":"category","embeddable":true,"href":"http:\/\/www.funceme.br\/index.php?rest_route=%2Fwp%2Fv2%2Fcategories&post=11953"},{"taxonomy":"post_tag","embeddable":true,"href":"http:\/\/www.funceme.br\/index.php?rest_route=%2Fwp%2Fv2%2Ftags&post=11953"}],"curies":[{"name":"wp","href":"https:\/\/api.w.org\/{rel}","templated":true}]}}