{"id":11990,"date":"2023-08-25T21:59:29","date_gmt":"2023-08-26T00:59:29","guid":{"rendered":"http:\/\/www.funceme.br\/?p=11990"},"modified":"2023-08-25T21:59:29","modified_gmt":"2023-08-26T00:59:29","slug":"com-408-oc-barro-tem-recorde-de-temperatura-do-ano","status":"publish","type":"post","link":"http:\/\/www.funceme.br\/?p=11990","title":{"rendered":"Com 40,8 \u00baC, Barro tem recorde de temperatura do ano"},"content":{"rendered":"<p>O munic\u00edpio de Barro, localizado na macrorregi\u00e3o do Cariri, registrou, na tarde desta sexta-feira (25), o maior pico de temperatura do Cear\u00e1 no ano de 2023: <strong>40,8 \u00baC<\/strong>.<\/p>\n<p>Conforme dados do sistema de monitoramento que re\u00fane informa\u00e7\u00f5es da Funda\u00e7\u00e3o Cearense de Meteorologia e Recursos H\u00eddricos (Funceme) e do Instituto Nacional de Meteorologia (Inmet), o valor extremo ocorreu entre as 16 e 17h.<\/p>\n<p>At\u00e9 ent\u00e3o, o recorde mensal havia sido no mesmo munic\u00edpio, ainda nesta quinta-feira (24). Na ocasi\u00e3o, 38,6 \u00baC. Por\u00e9m, nesta sexta, al\u00e9m do recorde de 2023, foram registrados picos de 40,4 \u00baC em Jaguaribe e 38,9 \u00baC, em Santa Quit\u00e9ria.<\/p>\n<p>As altas temperaturas que j\u00e1 v\u00eam sendo registradas no Cear\u00e1 este m\u00eas s\u00e3o comuns para o per\u00edodo. Conforme a Funceme, com a escassez de chuvas e o c\u00e9u mais claro, h\u00e1 uma maior incid\u00eancia da radia\u00e7\u00e3o solar, deixando a atmosfera mais aquecida.<\/p>\n<p><strong>Amplitude t\u00e9rmica<\/strong><\/p>\n<p>Al\u00e9m do pico de temperatura, Barro apresentou hoje amplitude t\u00e9rmica de 18,1 \u00baC, pois, no come\u00e7o do dia, a m\u00ednima no munic\u00edpio foi de 22,7 \u00baC.<\/p>\n<p>A varia\u00e7\u00e3o da temperatura ao longo do dia tem rela\u00e7\u00e3o, principalmente, com a radia\u00e7\u00e3o. Em dias com c\u00e9u limpo, como observado nesta quinta em maior parte do Cear\u00e1, os raios solares atingem a superf\u00edcie terrestre com maior facilidade por n\u00e3o ter a presen\u00e7a de nuvens para bloquear a passagem. J\u00e1 \u00e0 noite, tamb\u00e9m em dias com poucas nuvens, a radia\u00e7\u00e3o dissipada da superf\u00edcie se perde com mais facilidade, o que deixa o ambiente com uma menor temperatura.<\/p>\n<p>Tempo seco<\/p>\n<p>Com o tempo est\u00e1vel e temperaturas mais elevadas, o Estado tamb\u00e9m sofre com a baixa umidade do ar.<\/p>\n<p>Na tarde desta quinta, Iguatu e Jaguaribe chegaram a 13% e 15%, respectivamente.<\/p>\n<p>O cen\u00e1rio j\u00e1 havia sido indicado na previs\u00e3o da Funceme que, inclusive, emitiu aviso meteorol\u00f3gico para baixa umidade do ar no sul do Estado.<\/p>\n<p>A tend\u00eancia deve seguir at\u00e9 o pr\u00f3ximo s\u00e1bado (26).<\/p>\n","protected":false},"excerpt":{"rendered":"<p>O munic\u00edpio de Barro, localizado na macrorregi\u00e3o do Cariri, registrou, na tarde desta sexta-feira (25), o maior pico de temperatura do Cear\u00e1 no ano de 2023: 40,8 \u00baC.<\/p>\n","protected":false},"author":4,"featured_media":0,"comment_status":"closed","ping_status":"open","sticky":false,"template":"","format":"standard","meta":[],"categories":[81,15],"tags":[323,66,50],"acf":[],"_links":{"self":[{"href":"http:\/\/www.funceme.br\/index.php?rest_route=\/wp\/v2\/posts\/11990"}],"collection":[{"href":"http:\/\/www.funceme.br\/index.php?rest_route=\/wp\/v2\/posts"}],"about":[{"href":"http:\/\/www.funceme.br\/index.php?rest_route=\/wp\/v2\/types\/post"}],"author":[{"embeddable":true,"href":"http:\/\/www.funceme.br\/index.php?rest_route=\/wp\/v2\/users\/4"}],"replies":[{"embeddable":true,"href":"http:\/\/www.funceme.br\/index.php?rest_route=%2Fwp%2Fv2%2Fcomments&post=11990"}],"version-history":[{"count":2,"href":"http:\/\/www.funceme.br\/index.php?rest_route=\/wp\/v2\/posts\/11990\/revisions"}],"predecessor-version":[{"id":11992,"href":"http:\/\/www.funceme.br\/index.php?rest_route=\/wp\/v2\/posts\/11990\/revisions\/11992"}],"wp:attachment":[{"href":"http:\/\/www.funceme.br\/index.php?rest_route=%2Fwp%2Fv2%2Fmedia&parent=11990"}],"wp:term":[{"taxonomy":"category","embeddable":true,"href":"http:\/\/www.funceme.br\/index.php?rest_route=%2Fwp%2Fv2%2Fcategories&post=11990"},{"taxonomy":"post_tag","embeddable":true,"href":"http:\/\/www.funceme.br\/index.php?rest_route=%2Fwp%2Fv2%2Ftags&post=11990"}],"curies":[{"name":"wp","href":"https:\/\/api.w.org\/{rel}","templated":true}]}}