{"id":12006,"date":"2023-08-30T10:34:15","date_gmt":"2023-08-30T13:34:15","guid":{"rendered":"http:\/\/www.funceme.br\/?p=12006"},"modified":"2023-08-30T11:04:33","modified_gmt":"2023-08-30T14:04:33","slug":"aviso-meteorologico-preve-umidade-do-ar-entre-15-e-25-no-centro-sul-do-ceara-ate-sexta-feira-1o","status":"publish","type":"post","link":"http:\/\/www.funceme.br\/?p=12006","title":{"rendered":"Aviso meteorol\u00f3gico prev\u00ea umidade do ar entre 15% e 25% no centro-sul do Cear\u00e1 at\u00e9 sexta-feira (1\u00ba)"},"content":{"rendered":"<p>A Funda\u00e7\u00e3o Cearense de Meteorologia e Recursos H\u00eddricos (Funceme) emitiu, nesta quarta-feira (30) um <a href=\"http:\/\/www.funceme.br\/wp-content\/uploads\/2023\/08\/aviso_meteorologia_2023_08_30_08_43_04-1.pdf\">novo aviso meteorol\u00f3gico<\/a> sobre baixa umidade do ar na por\u00e7\u00e3o centro-sul do Estado.<\/p>\n<p>Com validade at\u00e9 a pr\u00f3xima sexta-feira (1\u00ba), o documento indica risco para valores entre 15% e 25% no per\u00edodo da tarde. Tais taxas s\u00e3o classificadas entre alerta e aten\u00e7\u00e3o.<\/p>\n<p>A previs\u00e3o da Funceme indica que as \u00e1reas sob condi\u00e7\u00f5es mais cr\u00edticas est\u00e3o localizadas no Cariri e no sul das macrorregi\u00f5es Jaguaribana, Sert\u00e3o Central e e Inhamuns.<\/p>\n<p><strong>Aten\u00e7\u00e3o<\/strong><\/p>\n<p>Conforme a Organiza\u00e7\u00e3o Mundial da Sa\u00fade (OMS), \u00e9 recomendado \u00e0 popula\u00e7\u00e3o que evite a pr\u00e1tica de exerc\u00edcios f\u00edsicos ao ar livre entre \u00e0s 11h e 15h, e deve-se beber muita \u00e1gua, para a adequada hidrata\u00e7\u00e3o corporal, principalmente idosos e crian\u00e7as.<\/p>\n","protected":false},"excerpt":{"rendered":"<p>A Funda\u00e7\u00e3o Cearense de Meteorologia e Recursos H\u00eddricos (Funceme) emitiu, nesta quarta-feira (30) um novo aviso meteorol\u00f3gico sobre baixa umidade do ar na por\u00e7\u00e3o centro-sul do Estado.<\/p>\n","protected":false},"author":4,"featured_media":0,"comment_status":"closed","ping_status":"open","sticky":false,"template":"","format":"standard","meta":[],"categories":[81,15],"tags":[67,57],"acf":[],"_links":{"self":[{"href":"http:\/\/www.funceme.br\/index.php?rest_route=\/wp\/v2\/posts\/12006"}],"collection":[{"href":"http:\/\/www.funceme.br\/index.php?rest_route=\/wp\/v2\/posts"}],"about":[{"href":"http:\/\/www.funceme.br\/index.php?rest_route=\/wp\/v2\/types\/post"}],"author":[{"embeddable":true,"href":"http:\/\/www.funceme.br\/index.php?rest_route=\/wp\/v2\/users\/4"}],"replies":[{"embeddable":true,"href":"http:\/\/www.funceme.br\/index.php?rest_route=%2Fwp%2Fv2%2Fcomments&post=12006"}],"version-history":[{"count":1,"href":"http:\/\/www.funceme.br\/index.php?rest_route=\/wp\/v2\/posts\/12006\/revisions"}],"predecessor-version":[{"id":12008,"href":"http:\/\/www.funceme.br\/index.php?rest_route=\/wp\/v2\/posts\/12006\/revisions\/12008"}],"wp:attachment":[{"href":"http:\/\/www.funceme.br\/index.php?rest_route=%2Fwp%2Fv2%2Fmedia&parent=12006"}],"wp:term":[{"taxonomy":"category","embeddable":true,"href":"http:\/\/www.funceme.br\/index.php?rest_route=%2Fwp%2Fv2%2Fcategories&post=12006"},{"taxonomy":"post_tag","embeddable":true,"href":"http:\/\/www.funceme.br\/index.php?rest_route=%2Fwp%2Fv2%2Ftags&post=12006"}],"curies":[{"name":"wp","href":"https:\/\/api.w.org\/{rel}","templated":true}]}}