{"id":12024,"date":"2023-09-12T08:31:12","date_gmt":"2023-09-12T11:31:12","guid":{"rendered":"http:\/\/www.funceme.br\/?p=12024"},"modified":"2023-09-12T08:33:22","modified_gmt":"2023-09-12T11:33:22","slug":"projeto-sertoes-funceme-realiza-diagnostico-rural-participativo-no-vale-do-forquilha","status":"publish","type":"post","link":"http:\/\/www.funceme.br\/?p=12024","title":{"rendered":"Projeto Sert\u00f5es: Funceme realiza Diagn\u00f3stico Rural Participativo no Vale do Forquilha"},"content":{"rendered":"<div id=\"attachment_12030\" style=\"width: 760px\" class=\"wp-caption aligncenter\"><img aria-describedby=\"caption-attachment-12030\" decoding=\"async\" loading=\"lazy\" class=\"size-full wp-image-12030\" src=\"http:\/\/www.funceme.br\/wp-content\/uploads\/2023\/09\/IMG_7376-scaled-e1694516819596.jpg\" alt=\"\" width=\"750\" height=\"500\" \/><p id=\"caption-attachment-12030\" class=\"wp-caption-text\"><em>Diagn\u00f3stico Rural Participativo no Vale do Forquilha em Quixeramobim (Foto: Ascom Funceme)<\/em><\/p><\/div>\n<p>Nas \u00faltimas semanas, a Funda\u00e7\u00e3o Cearense de Meteorologia e Recursos H\u00eddricos (Funceme), realizou Diagn\u00f3sticos Rurais Participativos no Vale do Forquilha em Quixeramobim.<\/p>\n<p>Dentro de 24 comunidades do Vale, a funda\u00e7\u00e3o e outras entidades municipais e da sociedade civil realizaram diagn\u00f3sticos rurais atrav\u00e9s do Projeto Sert\u00f5es.<\/p>\n<p>A atividade desenvolvida faz parte do cronograma do Projeto que j\u00e1 vem sendo desenvolvido e j\u00e1 se preparava atrav\u00e9s de reuni\u00f5es e encontros com colaboradores e parceiros no munic\u00edpio de Quixeramobim.<\/p>\n<p>O Diagn\u00f3stico Rural Participativo (DRP), consistiu na elabora\u00e7\u00e3o de Linhas do Tempo, nas quais a popula\u00e7\u00e3o das comunidades constitu\u00edam atrav\u00e9s de fatos e lembran\u00e7as a hist\u00f3ria do territ\u00f3rio. Al\u00e9m disso, tamb\u00e9m foi aplicada a matriz Fofa, buscando extrair de forma coletiva e participativa as fortalezas, oportunidades, fraquezas e amea\u00e7as locais.<\/p>\n<div id='gallery-1' class='gallery galleryid-12024 gallery-columns-1 gallery-size-full'><dl class='gallery-item'>\n\t\t\t<dt class='gallery-icon landscape'>\n\t\t\t\t<a href='http:\/\/www.funceme.br\/?attachment_id=12034'><img width=\"700\" height=\"467\" src=\"http:\/\/www.funceme.br\/wp-content\/uploads\/2023\/09\/IMG_7484-scaled-e1694516981815.jpg\" class=\"attachment-full size-full\" alt=\"Comunidade Malhadinha na atividade da linha do tempo. (Foto:Ascom)\" decoding=\"async\" loading=\"lazy\" aria-describedby=\"gallery-1-12034\" \/><\/a>\n\t\t\t<\/dt>\n\t\t\t\t<dd class='wp-caption-text gallery-caption' id='gallery-1-12034'>\n\t\t\t\tComunidade Malhadinha na atividade da linha do tempo. (Foto:Ascom)\n\t\t\t\t<\/dd><\/dl><br style=\"clear: both\" \/><dl class='gallery-item'>\n\t\t\t<dt class='gallery-icon landscape'>\n\t\t\t\t<a href='http:\/\/www.funceme.br\/?attachment_id=12033'><img width=\"700\" height=\"467\" src=\"http:\/\/www.funceme.br\/wp-content\/uploads\/2023\/09\/IMG_7483-scaled-e1694516972941.jpg\" class=\"attachment-full size-full\" alt=\"Comunidade da Malhadinha (Foto:Ascom)\" decoding=\"async\" loading=\"lazy\" aria-describedby=\"gallery-1-12033\" \/><\/a>\n\t\t\t<\/dt>\n\t\t\t\t<dd class='wp-caption-text gallery-caption' id='gallery-1-12033'>\n\t\t\t\tComunidade da Malhadinha (Foto:Ascom)\n\t\t\t\t<\/dd><\/dl><br style=\"clear: both\" \/><dl class='gallery-item'>\n\t\t\t<dt class='gallery-icon landscape'>\n\t\t\t\t<a href='http:\/\/www.funceme.br\/?attachment_id=12032'><img width=\"700\" height=\"467\" src=\"http:\/\/www.funceme.br\/wp-content\/uploads\/2023\/09\/IMG_7456-scaled-e1694516963270.jpg\" class=\"attachment-full size-full\" alt=\"\" decoding=\"async\" loading=\"lazy\" \/><\/a>\n\t\t\t<\/dt><\/dl><br style=\"clear: both\" \/><dl class='gallery-item'>\n\t\t\t<dt class='gallery-icon landscape'>\n\t\t\t\t<a href='http:\/\/www.funceme.br\/?attachment_id=12031'><img width=\"700\" height=\"467\" src=\"http:\/\/www.funceme.br\/wp-content\/uploads\/2023\/09\/IMG_7451-scaled-e1694516949206.jpg\" class=\"attachment-full size-full\" alt=\"\" decoding=\"async\" loading=\"lazy\" \/><\/a>\n\t\t\t<\/dt><\/dl><br style=\"clear: both\" \/><dl class='gallery-item'>\n\t\t\t<dt class='gallery-icon landscape'>\n\t\t\t\t<a href='http:\/\/www.funceme.br\/?attachment_id=12029'><img width=\"700\" height=\"467\" src=\"http:\/\/www.funceme.br\/wp-content\/uploads\/2023\/09\/IMG_7362-scaled-e1694516941407.jpg\" class=\"attachment-full size-full\" alt=\"\" decoding=\"async\" loading=\"lazy\" \/><\/a>\n\t\t\t<\/dt><\/dl><br style=\"clear: both\" \/><dl class='gallery-item'>\n\t\t\t<dt class='gallery-icon landscape'>\n\t\t\t\t<a href='http:\/\/www.funceme.br\/?attachment_id=12028'><img width=\"700\" height=\"467\" src=\"http:\/\/www.funceme.br\/wp-content\/uploads\/2023\/09\/IMG_7390-scaled-e1694516932811.jpg\" class=\"attachment-full size-full\" alt=\"\" decoding=\"async\" loading=\"lazy\" \/><\/a>\n\t\t\t<\/dt><\/dl><br style=\"clear: both\" \/><dl class='gallery-item'>\n\t\t\t<dt class='gallery-icon landscape'>\n\t\t\t\t<a href='http:\/\/www.funceme.br\/?attachment_id=12027'><img width=\"700\" height=\"467\" src=\"http:\/\/www.funceme.br\/wp-content\/uploads\/2023\/09\/IMG_7318-scaled-e1694516921364.jpg\" class=\"attachment-full size-full\" alt=\"\" decoding=\"async\" loading=\"lazy\" \/><\/a>\n\t\t\t<\/dt><\/dl><br style=\"clear: both\" \/><dl class='gallery-item'>\n\t\t\t<dt class='gallery-icon landscape'>\n\t\t\t\t<a href='http:\/\/www.funceme.br\/?attachment_id=12026'><img width=\"700\" height=\"467\" src=\"http:\/\/www.funceme.br\/wp-content\/uploads\/2023\/09\/IMG_7284-scaled-e1694516911375.jpg\" class=\"attachment-full size-full\" alt=\"\" decoding=\"async\" loading=\"lazy\" \/><\/a>\n\t\t\t<\/dt><\/dl><br style=\"clear: both\" \/><dl class='gallery-item'>\n\t\t\t<dt class='gallery-icon landscape'>\n\t\t\t\t<a href='http:\/\/www.funceme.br\/?attachment_id=12025'><img width=\"700\" height=\"467\" src=\"http:\/\/www.funceme.br\/wp-content\/uploads\/2023\/09\/IMG_7282-scaled-e1694516884925.jpg\" class=\"attachment-full size-full\" alt=\"\" decoding=\"async\" loading=\"lazy\" \/><\/a>\n\t\t\t<\/dt><\/dl><br style=\"clear: both\" \/><dl class='gallery-item'>\n\t\t\t<dt class='gallery-icon landscape'>\n\t\t\t\t<a href='http:\/\/www.funceme.br\/?attachment_id=12030'><img width=\"750\" height=\"500\" src=\"http:\/\/www.funceme.br\/wp-content\/uploads\/2023\/09\/IMG_7376-scaled-e1694516819596.jpg\" class=\"attachment-full size-full\" alt=\"\" decoding=\"async\" loading=\"lazy\" aria-describedby=\"gallery-1-12030\" \/><\/a>\n\t\t\t<\/dt>\n\t\t\t\t<dd class='wp-caption-text gallery-caption' id='gallery-1-12030'>\n\t\t\t\tDiagn\u00f3stico Rural Participativo no Vale do Forquilha em Quixeramobim (Foto: Ascom Funceme)\n\t\t\t\t<\/dd><\/dl><br style=\"clear: both\" \/>\n\t\t<\/div>\n\n<p>&nbsp;<\/p>\n<p><b>Sobre o Projeto Sert\u00f5es<\/b><\/p>\n<p>O projeto\u00a0 trabalha sobre governan\u00e7a local da \u00e1gua, resili\u00eancia h\u00eddrica e desenvolvimento territorial e busca achar solu\u00e7\u00f5es sustent\u00e1veis junto \u00e0 popula\u00e7\u00e3o.<\/p>\n<p>Ap\u00f3s uma s\u00e9rie de reuni\u00f5es de prepara\u00e7\u00e3o para realiza\u00e7\u00e3o do DRP e sua realiza\u00e7\u00e3o, agora o projeto se encaminha para encontros com representantes territoriais e assim construir um plano participativo de a\u00e7\u00f5es.<\/p>\n<p>O Sert\u00f5es \u00e9 uma parceria do Cirad com a esfera p\u00fablica estadual e municipal, sociedade civil e movimentos sociais e j\u00e1 est\u00e1 finalizando uma etapa at\u00e9 o final do ano de 2023, quando se deve iniciar uma nova etapa chamada Sert\u00f5es 2.<\/p>\n","protected":false},"excerpt":{"rendered":"<p>Nas \u00faltimas semanas, a Funda\u00e7\u00e3o Cearense de Meteorologia e Recursos H\u00eddricos (Funceme), realizou Diagn\u00f3sticos Rurais Participativos no Vale do Forquilha em Quixeramobim. Dentro de 24 comunidades do Vale, a funda\u00e7\u00e3o e outras entidades municipais e da sociedade civil realizaram diagn\u00f3sticos rurais atrav\u00e9s do Projeto Sert\u00f5es. A atividade desenvolvida faz parte do cronograma do Projeto que [&hellip;]<\/p>\n","protected":false},"author":7,"featured_media":12030,"comment_status":"closed","ping_status":"open","sticky":false,"template":"","format":"standard","meta":[],"categories":[59,268,15,504],"tags":[74,564,563,477,150],"acf":[],"_links":{"self":[{"href":"http:\/\/www.funceme.br\/index.php?rest_route=\/wp\/v2\/posts\/12024"}],"collection":[{"href":"http:\/\/www.funceme.br\/index.php?rest_route=\/wp\/v2\/posts"}],"about":[{"href":"http:\/\/www.funceme.br\/index.php?rest_route=\/wp\/v2\/types\/post"}],"author":[{"embeddable":true,"href":"http:\/\/www.funceme.br\/index.php?rest_route=\/wp\/v2\/users\/7"}],"replies":[{"embeddable":true,"href":"http:\/\/www.funceme.br\/index.php?rest_route=%2Fwp%2Fv2%2Fcomments&post=12024"}],"version-history":[{"count":4,"href":"http:\/\/www.funceme.br\/index.php?rest_route=\/wp\/v2\/posts\/12024\/revisions"}],"predecessor-version":[{"id":12038,"href":"http:\/\/www.funceme.br\/index.php?rest_route=\/wp\/v2\/posts\/12024\/revisions\/12038"}],"wp:featuredmedia":[{"embeddable":true,"href":"http:\/\/www.funceme.br\/index.php?rest_route=\/wp\/v2\/media\/12030"}],"wp:attachment":[{"href":"http:\/\/www.funceme.br\/index.php?rest_route=%2Fwp%2Fv2%2Fmedia&parent=12024"}],"wp:term":[{"taxonomy":"category","embeddable":true,"href":"http:\/\/www.funceme.br\/index.php?rest_route=%2Fwp%2Fv2%2Fcategories&post=12024"},{"taxonomy":"post_tag","embeddable":true,"href":"http:\/\/www.funceme.br\/index.php?rest_route=%2Fwp%2Fv2%2Ftags&post=12024"}],"curies":[{"name":"wp","href":"https:\/\/api.w.org\/{rel}","templated":true}]}}