{"id":12040,"date":"2023-09-12T13:13:45","date_gmt":"2023-09-12T16:13:45","guid":{"rendered":"http:\/\/www.funceme.br\/?p=12040"},"modified":"2023-09-12T13:13:45","modified_gmt":"2023-09-12T16:13:45","slug":"tempo-estavel-ceu-claro-maximas-de-ate-37oc-e-rajadas-de-vento-ate-quinta-feira-14","status":"publish","type":"post","link":"http:\/\/www.funceme.br\/?p=12040","title":{"rendered":"Tempo est\u00e1vel: c\u00e9u claro, m\u00e1ximas de at\u00e9 37\u00baC e rajadas de vento at\u00e9 quinta-feira (14)"},"content":{"rendered":"<p>O fim da primeira quinzena do m\u00eas de setembro deve apresentar condi\u00e7\u00f5es est\u00e1veis, cen\u00e1rio este semelhando ao que j\u00e1 vem sendo indicado nos \u00faltimos dias pela Funda\u00e7\u00e3o Cearense de Meteorologia e Recursos H\u00eddricos (Funceme).<\/p>\n<p>At\u00e9 quinta-feira (14), a tend\u00eancia \u00e9 de predom\u00ednio de c\u00e9u com poucas nuvens em todas as macrorregi\u00f5es. Por\u00e9m, h\u00e1 possibilidade, ainda que baixa, de chuva isolada e de fraca intensidade entre a tarde e a noite nas macorregi\u00f5es no Cariri e na Jaguaribana.<\/p>\n<p><strong>Temperatura<\/strong><\/p>\n<p>Neste intervalo de tr\u00eas dias, a Funceme aponta que as m\u00ednimas do Cear\u00e1 dever\u00e3o variar entre 18\u00b0C e 22\u00b0C, principalmente nas \u00e1reas de serra localizadas no Cariri, Sert\u00e3o Central e Inhamuns, Ibiapaba e Maci\u00e7o de Baturit\u00e9, nos per\u00edodos da madrugada e come\u00e7o da manh\u00e3.<\/p>\n<p>J\u00e1 as m\u00e1ximas dever\u00e3o apresentar picos entre 34\u00b0C e 37\u00b0C na Jaguaribana, Cariri, Sert\u00e3o Central e Inhamuns e Litoral Norte, no per\u00edodo da tarde.<\/p>\n<p>Na faixa litor\u00e2nea, incluindo o Litoral de Fortaleza, temperaturas variando de 24\u00b0C e 32\u00b0C.<\/p>\n<p><strong>Tempo seco<\/strong><\/p>\n<p>Quanto \u00e0 umidade relativa do ar, os valores mais cr\u00edticos s\u00e3o esperados s\u00e3o de 20% a 30% nas macrorregi\u00f5es da Jaguaribana, Sert\u00e3o Central e Inhamuns, Ibiapaba, Cariri e Litoral Norte.<\/p>\n<p><strong>Ventos<\/strong><\/p>\n<p>Por fim, a Funceme aponta ainda velocidade m\u00e1xima do vento com valores entre 40 km\/h e 50 km\/h com rajadas na faixa litor\u00e2nea e nas regi\u00f5es de serra, principalmente entre quarta e quinta-feira.<\/p>\n","protected":false},"excerpt":{"rendered":"<p>O fim da primeira quinzena do m\u00eas de setembro deve apresentar condi\u00e7\u00f5es est\u00e1veis, cen\u00e1rio este semelhando ao que j\u00e1 vem sendo indicado nos \u00faltimos dias pela Funda\u00e7\u00e3o Cearense de Meteorologia e Recursos H\u00eddricos (Funceme).<\/p>\n","protected":false},"author":4,"featured_media":0,"comment_status":"closed","ping_status":"open","sticky":false,"template":"","format":"standard","meta":[],"categories":[81,15],"tags":[67,66,313,56],"acf":[],"_links":{"self":[{"href":"http:\/\/www.funceme.br\/index.php?rest_route=\/wp\/v2\/posts\/12040"}],"collection":[{"href":"http:\/\/www.funceme.br\/index.php?rest_route=\/wp\/v2\/posts"}],"about":[{"href":"http:\/\/www.funceme.br\/index.php?rest_route=\/wp\/v2\/types\/post"}],"author":[{"embeddable":true,"href":"http:\/\/www.funceme.br\/index.php?rest_route=\/wp\/v2\/users\/4"}],"replies":[{"embeddable":true,"href":"http:\/\/www.funceme.br\/index.php?rest_route=%2Fwp%2Fv2%2Fcomments&post=12040"}],"version-history":[{"count":1,"href":"http:\/\/www.funceme.br\/index.php?rest_route=\/wp\/v2\/posts\/12040\/revisions"}],"predecessor-version":[{"id":12041,"href":"http:\/\/www.funceme.br\/index.php?rest_route=\/wp\/v2\/posts\/12040\/revisions\/12041"}],"wp:attachment":[{"href":"http:\/\/www.funceme.br\/index.php?rest_route=%2Fwp%2Fv2%2Fmedia&parent=12040"}],"wp:term":[{"taxonomy":"category","embeddable":true,"href":"http:\/\/www.funceme.br\/index.php?rest_route=%2Fwp%2Fv2%2Fcategories&post=12040"},{"taxonomy":"post_tag","embeddable":true,"href":"http:\/\/www.funceme.br\/index.php?rest_route=%2Fwp%2Fv2%2Ftags&post=12040"}],"curies":[{"name":"wp","href":"https:\/\/api.w.org\/{rel}","templated":true}]}}