{"id":12226,"date":"2023-10-25T15:55:04","date_gmt":"2023-10-25T18:55:04","guid":{"rendered":"http:\/\/www.funceme.br\/?p=12226"},"modified":"2023-10-25T15:55:04","modified_gmt":"2023-10-25T18:55:04","slug":"ceara-segue-com-condicoes-estaveis-maximas-devem-chegar-a-39oc-no-interior","status":"publish","type":"post","link":"http:\/\/www.funceme.br\/?p=12226","title":{"rendered":"Cear\u00e1 segue com condi\u00e7\u00f5es est\u00e1veis; m\u00e1ximas devem chegar a 39\u00baC no interior"},"content":{"rendered":"<div id=\"attachment_12228\" style=\"width: 760px\" class=\"wp-caption aligncenter\"><img aria-describedby=\"caption-attachment-12228\" decoding=\"async\" loading=\"lazy\" class=\"wp-image-12228\" src=\"http:\/\/www.funceme.br\/wp-content\/uploads\/2023\/10\/WhatsApp-Image-2023-10-25-at-15.52.11.jpeg\" alt=\"Calor segue em alta no Cear\u00e1 (FOTO: Marciel Bezerra)\" width=\"750\" height=\"618\" srcset=\"http:\/\/www.funceme.br\/wp-content\/uploads\/2023\/10\/WhatsApp-Image-2023-10-25-at-15.52.11.jpeg 1200w, http:\/\/www.funceme.br\/wp-content\/uploads\/2023\/10\/WhatsApp-Image-2023-10-25-at-15.52.11-600x495.jpeg 600w, http:\/\/www.funceme.br\/wp-content\/uploads\/2023\/10\/WhatsApp-Image-2023-10-25-at-15.52.11-768x633.jpeg 768w\" sizes=\"(max-width: 750px) 100vw, 750px\" \/><p id=\"caption-attachment-12228\" class=\"wp-caption-text\">Calor segue em alta no Cear\u00e1 (FOTO: Marciel Bezerra)<\/p><\/div>\n<p style=\"text-align: justify;\">Os \u00faltimos dias de outubro de 2023 dever\u00e3o apresentar predom\u00ednio de c\u00e9u com poucas nuvens em todas as macrorregi\u00f5es do Cear\u00e1.<\/p>\n<p style=\"text-align: justify;\">De acordo com a Funda\u00e7\u00e3o Cearense de Meteorologia e Recursos H\u00eddricos (Funceme), o cen\u00e1rio de estabilidade esperado at\u00e9 a pr\u00f3xima sexta-feira (27) aponta para temperaturas m\u00e1ximas entre 36\u202f\u00b0C e 39\u202f\u00b0C na Jaguaribana, Sert\u00e3o Central e Inhamuns, Cariri, Litoral Norte e Ibiapaba.<\/p>\n<p style=\"text-align: justify;\">E, como as altas temperaturas, a Funceme indica ainda umidade relativa do ar entre 20% e 35% no per\u00edodo das tardes no centro-sul do Cear\u00e1.<\/p>\n","protected":false},"excerpt":{"rendered":"<p>Os \u00faltimos dias de outubro de 2023 dever\u00e3o apresentar predom\u00ednio de c\u00e9u com poucas nuvens em todas as macrorregi\u00f5es do Cear\u00e1.<\/p>\n","protected":false},"author":4,"featured_media":12228,"comment_status":"closed","ping_status":"open","sticky":false,"template":"","format":"standard","meta":[],"categories":[81,15],"tags":[66,65],"acf":[],"_links":{"self":[{"href":"http:\/\/www.funceme.br\/index.php?rest_route=\/wp\/v2\/posts\/12226"}],"collection":[{"href":"http:\/\/www.funceme.br\/index.php?rest_route=\/wp\/v2\/posts"}],"about":[{"href":"http:\/\/www.funceme.br\/index.php?rest_route=\/wp\/v2\/types\/post"}],"author":[{"embeddable":true,"href":"http:\/\/www.funceme.br\/index.php?rest_route=\/wp\/v2\/users\/4"}],"replies":[{"embeddable":true,"href":"http:\/\/www.funceme.br\/index.php?rest_route=%2Fwp%2Fv2%2Fcomments&post=12226"}],"version-history":[{"count":1,"href":"http:\/\/www.funceme.br\/index.php?rest_route=\/wp\/v2\/posts\/12226\/revisions"}],"predecessor-version":[{"id":12229,"href":"http:\/\/www.funceme.br\/index.php?rest_route=\/wp\/v2\/posts\/12226\/revisions\/12229"}],"wp:featuredmedia":[{"embeddable":true,"href":"http:\/\/www.funceme.br\/index.php?rest_route=\/wp\/v2\/media\/12228"}],"wp:attachment":[{"href":"http:\/\/www.funceme.br\/index.php?rest_route=%2Fwp%2Fv2%2Fmedia&parent=12226"}],"wp:term":[{"taxonomy":"category","embeddable":true,"href":"http:\/\/www.funceme.br\/index.php?rest_route=%2Fwp%2Fv2%2Fcategories&post=12226"},{"taxonomy":"post_tag","embeddable":true,"href":"http:\/\/www.funceme.br\/index.php?rest_route=%2Fwp%2Fv2%2Ftags&post=12226"}],"curies":[{"name":"wp","href":"https:\/\/api.w.org\/{rel}","templated":true}]}}