{"id":12239,"date":"2023-11-01T11:20:35","date_gmt":"2023-11-01T14:20:35","guid":{"rendered":"http:\/\/www.funceme.br\/?p=12239"},"modified":"2023-11-01T11:20:35","modified_gmt":"2023-11-01T14:20:35","slug":"ceara-teve-16-picos-de-temperatura-igual-ou-acima-de-40oc-em-outubro-de-2023","status":"publish","type":"post","link":"http:\/\/www.funceme.br\/?p=12239","title":{"rendered":"Cear\u00e1 teve 16 picos de temperatura igual ou acima de 40\u00baC em outubro de 2023"},"content":{"rendered":"<div id=\"attachment_12240\" style=\"width: 760px\" class=\"wp-caption aligncenter\"><img aria-describedby=\"caption-attachment-12240\" decoding=\"async\" loading=\"lazy\" class=\"wp-image-12240\" src=\"http:\/\/www.funceme.br\/wp-content\/uploads\/2023\/11\/WhatsApp-Image-2023-11-01-at-11.17.48.jpeg\" alt=\"El Ni\u00f1o \u00e9 um dos respons\u00e1veis por maiores picos de temperatura no Cear\u00e1 (FOTO: Marciel Bezerra)\" width=\"750\" height=\"563\" srcset=\"http:\/\/www.funceme.br\/wp-content\/uploads\/2023\/11\/WhatsApp-Image-2023-11-01-at-11.17.48.jpeg 1600w, http:\/\/www.funceme.br\/wp-content\/uploads\/2023\/11\/WhatsApp-Image-2023-11-01-at-11.17.48-600x450.jpeg 600w, http:\/\/www.funceme.br\/wp-content\/uploads\/2023\/11\/WhatsApp-Image-2023-11-01-at-11.17.48-1200x900.jpeg 1200w, http:\/\/www.funceme.br\/wp-content\/uploads\/2023\/11\/WhatsApp-Image-2023-11-01-at-11.17.48-768x576.jpeg 768w, http:\/\/www.funceme.br\/wp-content\/uploads\/2023\/11\/WhatsApp-Image-2023-11-01-at-11.17.48-1536x1152.jpeg 1536w\" sizes=\"(max-width: 750px) 100vw, 750px\" \/><p id=\"caption-attachment-12240\" class=\"wp-caption-text\"><em>El Ni\u00f1o \u00e9 um dos respons\u00e1veis por maiores picos de temperatura no Cear\u00e1 (FOTO: Marciel Bezerra)<\/em><\/p><\/div>\n<p style=\"text-align: justify;\"><span style=\"font-weight: 400;\">O m\u00eas de outubro de 2023 registrou 16 picos de temperatura igual ou acima de 40\u00baC, conforme monitoramento da Funda\u00e7\u00e3o Cearense de Meteorologia e Recursos H\u00eddricos (Funceme), a partir de informa\u00e7\u00f5es de Plataformas de Coleta de Dados (PCD) pr\u00f3prias e tamb\u00e9m do Instituto Nacional de Meteorologia (Inmet).<\/span><\/p>\n<p style=\"text-align: justify;\"><span style=\"font-weight: 400;\">Os valores mais expressivos concentraram-se em <\/span><b>Jaguaribe, Barro e Crate\u00fas<\/b><span style=\"font-weight: 400;\">. No comparativo com outubro do ano passado, a Funceme aponta uma varia\u00e7\u00e3o expressiva, j\u00e1 que, na \u00e9poca, houve apenas dois registros a partir de 40\u00baC.<\/span><\/p>\n<p style=\"text-align: justify;\"><span style=\"font-weight: 400;\">Tais picos de temperatura nesta \u00e9poca do ano no Cear\u00e1 acabam sendo mais comuns porque, principalmente, as chuvas s\u00e3o escassas entre os meses de agosto e novembro. O meteorologista Lucas Fumagalli explica que, neste per\u00edodo, o afastamento da Zona de Converg\u00eancia Intertropical (ZCIT) da costa cearense, indo em dire\u00e7\u00e3o ao oceano Atl\u00e2ntico Norte, al\u00e9m da aus\u00eancia de outros sistemas precipitantes, contribui para diminuir as chuvas e aumentar a incid\u00eancia de radia\u00e7\u00e3o solar em todo Estado.\u00a0<\/span><\/p>\n<p style=\"text-align: justify;\"><span style=\"font-weight: 400;\">\u201cDessa forma, os maiores valores de temperatura, e os menores valores de umidade relativa do ar, geralmente ocorrem nesta \u00e9poca. Em 2023, no entanto, o n\u00famero de dias com temperatura maior ou igual a 40\u00b0C, entre agosto e outubro, est\u00e1 muito maior do que o observado no mesmo per\u00edodo do ano passado. Em 2022 foram dois dias, e em 2023, at\u00e9 31 de outubro, foram 13\u201d, comenta o pesquisador da Funceme.<\/span><\/p>\n<p style=\"text-align: justify;\"><span style=\"font-weight: 400;\">Al\u00e9m do cen\u00e1rio climatol\u00f3gico comum (redu\u00e7\u00e3o das precipita\u00e7\u00f5es), dentre os motivos que explicam estes valores destacam-se a atua\u00e7\u00e3o do evento El Ni\u00f1o no oceano Pac\u00edfico Equatorial que, ao alterar a circula\u00e7\u00e3o atmosf\u00e9rica, faz com que haja um maior fluxo de ar de cima para baixo (subsid\u00eancia), colaborando para aumento do calor na superf\u00edcie.<\/span><\/p>\n<p style=\"text-align: justify;\"><span style=\"font-weight: 400;\">Fumagalli lembra que em 2022 a situa\u00e7\u00e3o era diferente. \u201cNo oceano Pac\u00edfico Equatorial atuava o evento La Ni\u00f1a, que contribui para aumentar as chuvas no CE, principalmente no in\u00edcio do ano, diminuindo a incid\u00eancia de radia\u00e7\u00e3o solar na superf\u00edcie\u201d.<\/span><\/p>\n<p style=\"text-align: justify;\"><span style=\"font-weight: 400;\">Quanto \u00e0 concentra\u00e7\u00e3o das maiores temperaturas em determinadas \u00e1reas do Estado, como <\/span><b>Jaguaribe, Barro e Crate\u00fas<\/b><span style=\"font-weight: 400;\">, isto se d\u00e1 tamb\u00e9m pelo distanciamento da faixa litor\u00e2nea, onde o ar \u00e9 bastante influenciado pela umidade do oceano Atl\u00e2ntico. Al\u00e9m disso, regi\u00f5es de vales, como ao longo do vale do rio Jaguaribe, costumam observar os maiores picos devido a efeitos locais, como as menores altitudes do relevo ao longo do curso dos rios.<\/span><\/p>\n","protected":false},"excerpt":{"rendered":"<p>O m\u00eas de outubro de 2023 registrou 16 picos de temperatura igual ou acima de 40\u00baC, conforme monitoramento da Funda\u00e7\u00e3o Cearense de Meteorologia e Recursos H\u00eddricos (Funceme), a partir de informa\u00e7\u00f5es de Plataformas de Coleta de Dados (PCD) pr\u00f3prias e tamb\u00e9m do Instituto Nacional de Meteorologia (Inmet).<\/p>\n","protected":false},"author":4,"featured_media":12240,"comment_status":"closed","ping_status":"open","sticky":false,"template":"","format":"standard","meta":[],"categories":[81,15],"tags":[66,541,65],"acf":[],"_links":{"self":[{"href":"http:\/\/www.funceme.br\/index.php?rest_route=\/wp\/v2\/posts\/12239"}],"collection":[{"href":"http:\/\/www.funceme.br\/index.php?rest_route=\/wp\/v2\/posts"}],"about":[{"href":"http:\/\/www.funceme.br\/index.php?rest_route=\/wp\/v2\/types\/post"}],"author":[{"embeddable":true,"href":"http:\/\/www.funceme.br\/index.php?rest_route=\/wp\/v2\/users\/4"}],"replies":[{"embeddable":true,"href":"http:\/\/www.funceme.br\/index.php?rest_route=%2Fwp%2Fv2%2Fcomments&post=12239"}],"version-history":[{"count":1,"href":"http:\/\/www.funceme.br\/index.php?rest_route=\/wp\/v2\/posts\/12239\/revisions"}],"predecessor-version":[{"id":12241,"href":"http:\/\/www.funceme.br\/index.php?rest_route=\/wp\/v2\/posts\/12239\/revisions\/12241"}],"wp:featuredmedia":[{"embeddable":true,"href":"http:\/\/www.funceme.br\/index.php?rest_route=\/wp\/v2\/media\/12240"}],"wp:attachment":[{"href":"http:\/\/www.funceme.br\/index.php?rest_route=%2Fwp%2Fv2%2Fmedia&parent=12239"}],"wp:term":[{"taxonomy":"category","embeddable":true,"href":"http:\/\/www.funceme.br\/index.php?rest_route=%2Fwp%2Fv2%2Fcategories&post=12239"},{"taxonomy":"post_tag","embeddable":true,"href":"http:\/\/www.funceme.br\/index.php?rest_route=%2Fwp%2Fv2%2Ftags&post=12239"}],"curies":[{"name":"wp","href":"https:\/\/api.w.org\/{rel}","templated":true}]}}