{"id":12286,"date":"2023-11-13T11:58:36","date_gmt":"2023-11-13T14:58:36","guid":{"rendered":"http:\/\/www.funceme.br\/?p=12286"},"modified":"2023-11-13T11:58:36","modified_gmt":"2023-11-13T14:58:36","slug":"ceara-segue-com-predominio-de-tempo-estavel-maximas-seguem-em-torno-dos-39oc","status":"publish","type":"post","link":"http:\/\/www.funceme.br\/?p=12286","title":{"rendered":"Cear\u00e1 segue com predom\u00ednio de tempo est\u00e1vel; m\u00e1ximas seguem em torno dos 39\u00baC"},"content":{"rendered":"<div id=\"attachment_12287\" style=\"width: 761px\" class=\"wp-caption alignnone\"><img aria-describedby=\"caption-attachment-12287\" decoding=\"async\" loading=\"lazy\" class=\"wp-image-12287\" src=\"http:\/\/www.funceme.br\/wp-content\/uploads\/2023\/11\/WhatsApp-Image-2023-11-13-at-08.57.53.jpeg\" alt=\"Estado apresenta cen\u00e1rio para c\u00e9u com poucas nuvens (FOTO: Marciel Bezerra)\" width=\"751\" height=\"563\" srcset=\"http:\/\/www.funceme.br\/wp-content\/uploads\/2023\/11\/WhatsApp-Image-2023-11-13-at-08.57.53.jpeg 1600w, http:\/\/www.funceme.br\/wp-content\/uploads\/2023\/11\/WhatsApp-Image-2023-11-13-at-08.57.53-600x450.jpeg 600w, http:\/\/www.funceme.br\/wp-content\/uploads\/2023\/11\/WhatsApp-Image-2023-11-13-at-08.57.53-1200x900.jpeg 1200w, http:\/\/www.funceme.br\/wp-content\/uploads\/2023\/11\/WhatsApp-Image-2023-11-13-at-08.57.53-768x576.jpeg 768w, http:\/\/www.funceme.br\/wp-content\/uploads\/2023\/11\/WhatsApp-Image-2023-11-13-at-08.57.53-1536x1152.jpeg 1536w\" sizes=\"(max-width: 751px) 100vw, 751px\" \/><p id=\"caption-attachment-12287\" class=\"wp-caption-text\"><span style=\"color: #6b6b6b;\"><em>Estado apresenta cen\u00e1rio para c\u00e9u com poucas nuvens (FOTO: Marciel Bezerra)<\/em><\/span><\/p><\/div>\n<p style=\"text-align: justify;\">O in\u00edcio da segunda quizena do m\u00eas de novembro deve ser de predom\u00ednio de tempo est\u00e1vel em todo o Cear\u00e1.<\/p>\n<p style=\"text-align: justify;\">Conforme a Funda\u00e7\u00e3o Cearense de Meteorologia e Recursos H\u00eddricos (Funceme), at\u00e9 quarta-feira (15), pelo menos, a previs\u00e3o \u00e9 de c\u00e9u com poucas nuvens ao longo do dia.<\/p>\n<p style=\"text-align: justify;\">As atuais condi\u00e7\u00f5es se d\u00e3o, al\u00e9m de fatores locais, pela presen\u00e7a de um V\u00f3rtice Cicl\u00f4nico de Altos N\u00edveis (VCAN), que est\u00e1 localizado sobre a regi\u00e3o Nordeste, com seu centro entre os estados da Bahia e Piau\u00ed.<\/p>\n<p style=\"text-align: justify;\">Ao longo destes tr\u00eas dias, as temperaturas m\u00e1ximas nos per\u00edodos da tarde devr\u00e3o alcan\u00e7ar valores de 36\u00b0C a 39\u00b0C nas macrorregi\u00f5es da Jaguaribana, Cariri, Sert\u00e3o Central e Inhamuns, Litoral Norte e Ibiapaba.<\/p>\n<p style=\"text-align: justify;\">J\u00e1 a umidade relativa do ar deve ficar em torno de 25% no centro-sul do Cear\u00e1.<\/p>\n","protected":false},"excerpt":{"rendered":"<p>O in\u00edcio da segunda quizena do m\u00eas de novembro deve ser de predom\u00ednio de tempo est\u00e1vel em todo o Cear\u00e1.<\/p>\n","protected":false},"author":4,"featured_media":12287,"comment_status":"closed","ping_status":"open","sticky":false,"template":"","format":"standard","meta":[],"categories":[81,15],"tags":[67,66,57,358],"acf":[],"_links":{"self":[{"href":"http:\/\/www.funceme.br\/index.php?rest_route=\/wp\/v2\/posts\/12286"}],"collection":[{"href":"http:\/\/www.funceme.br\/index.php?rest_route=\/wp\/v2\/posts"}],"about":[{"href":"http:\/\/www.funceme.br\/index.php?rest_route=\/wp\/v2\/types\/post"}],"author":[{"embeddable":true,"href":"http:\/\/www.funceme.br\/index.php?rest_route=\/wp\/v2\/users\/4"}],"replies":[{"embeddable":true,"href":"http:\/\/www.funceme.br\/index.php?rest_route=%2Fwp%2Fv2%2Fcomments&post=12286"}],"version-history":[{"count":1,"href":"http:\/\/www.funceme.br\/index.php?rest_route=\/wp\/v2\/posts\/12286\/revisions"}],"predecessor-version":[{"id":12288,"href":"http:\/\/www.funceme.br\/index.php?rest_route=\/wp\/v2\/posts\/12286\/revisions\/12288"}],"wp:featuredmedia":[{"embeddable":true,"href":"http:\/\/www.funceme.br\/index.php?rest_route=\/wp\/v2\/media\/12287"}],"wp:attachment":[{"href":"http:\/\/www.funceme.br\/index.php?rest_route=%2Fwp%2Fv2%2Fmedia&parent=12286"}],"wp:term":[{"taxonomy":"category","embeddable":true,"href":"http:\/\/www.funceme.br\/index.php?rest_route=%2Fwp%2Fv2%2Fcategories&post=12286"},{"taxonomy":"post_tag","embeddable":true,"href":"http:\/\/www.funceme.br\/index.php?rest_route=%2Fwp%2Fv2%2Ftags&post=12286"}],"curies":[{"name":"wp","href":"https:\/\/api.w.org\/{rel}","templated":true}]}}