{"id":12401,"date":"2023-12-29T10:58:23","date_gmt":"2023-12-29T13:58:23","guid":{"rendered":"http:\/\/www.funceme.br\/?p=12401"},"modified":"2023-12-29T10:58:23","modified_gmt":"2023-12-29T13:58:23","slug":"precipitacoes-de-dezembro-ficam-dentro-da-normalidade","status":"publish","type":"post","link":"http:\/\/www.funceme.br\/?p=12401","title":{"rendered":"Precipita\u00e7\u00f5es de dezembro ficam dentro da normalidade"},"content":{"rendered":"<p style=\"text-align: justify;\">As chuvas do m\u00eas de dezembro no Cear\u00e1 ficaram dentro da normalidade, conforme balan\u00e7o parcial da Funda\u00e7\u00e3o Cearense de Meteorologia e Recursos H\u00eddricos (Funceme).<\/p>\n<p style=\"text-align: justify;\">O observado, considerando todo o estado, foi de 37,1 mil\u00edmetros, o que representa um desvio positivo de cerca de 17% em rela\u00e7\u00e3o \u00e0 m\u00e9dia, que \u00e9 de 31,6 mm, por\u00e9m, ainda dentro da faixa de normalidade para o per\u00edodo.<\/p>\n<p style=\"text-align: justify;\">O saldo positivo, ainda que inexpressivo considerando aporte h\u00eddrico, se deu, principalmente, pela precipita\u00e7\u00f5es que ocorreram entre os dias 18 e 22 devido \u00e1 atua\u00e7\u00e3o de um V\u00f3rtice Cicl\u00f4nico de Altos N\u00edveis (VCAN).<\/p>\n","protected":false},"excerpt":{"rendered":"<p>As chuvas do m\u00eas de dezembro no Cear\u00e1 ficaram dentro da normalidade, conforme balan\u00e7o parcial da Funda\u00e7\u00e3o Cearense de Meteorologia e Recursos H\u00eddricos (Funceme).<\/p>\n","protected":false},"author":4,"featured_media":0,"comment_status":"closed","ping_status":"open","sticky":false,"template":"","format":"standard","meta":[],"categories":[81,15],"tags":[47,357],"acf":[],"_links":{"self":[{"href":"http:\/\/www.funceme.br\/index.php?rest_route=\/wp\/v2\/posts\/12401"}],"collection":[{"href":"http:\/\/www.funceme.br\/index.php?rest_route=\/wp\/v2\/posts"}],"about":[{"href":"http:\/\/www.funceme.br\/index.php?rest_route=\/wp\/v2\/types\/post"}],"author":[{"embeddable":true,"href":"http:\/\/www.funceme.br\/index.php?rest_route=\/wp\/v2\/users\/4"}],"replies":[{"embeddable":true,"href":"http:\/\/www.funceme.br\/index.php?rest_route=%2Fwp%2Fv2%2Fcomments&post=12401"}],"version-history":[{"count":1,"href":"http:\/\/www.funceme.br\/index.php?rest_route=\/wp\/v2\/posts\/12401\/revisions"}],"predecessor-version":[{"id":12402,"href":"http:\/\/www.funceme.br\/index.php?rest_route=\/wp\/v2\/posts\/12401\/revisions\/12402"}],"wp:attachment":[{"href":"http:\/\/www.funceme.br\/index.php?rest_route=%2Fwp%2Fv2%2Fmedia&parent=12401"}],"wp:term":[{"taxonomy":"category","embeddable":true,"href":"http:\/\/www.funceme.br\/index.php?rest_route=%2Fwp%2Fv2%2Fcategories&post=12401"},{"taxonomy":"post_tag","embeddable":true,"href":"http:\/\/www.funceme.br\/index.php?rest_route=%2Fwp%2Fv2%2Ftags&post=12401"}],"curies":[{"name":"wp","href":"https:\/\/api.w.org\/{rel}","templated":true}]}}