{"id":1250,"date":"2015-07-04T14:00:51","date_gmt":"2015-07-04T17:00:51","guid":{"rendered":"http:\/\/localhost\/wp-funceme\/blog\/2015\/07\/04\/projeto-da-funceme-recupera-area-degradada-em-jaguaribe\/"},"modified":"2020-07-14T15:16:30","modified_gmt":"2020-07-14T18:16:30","slug":"projeto-da-funceme-recupera-area-degradada-em-jaguaribe","status":"publish","type":"post","link":"http:\/\/www.funceme.br\/?p=1250","title":{"rendered":"Projeto da Funceme recupera \u00e1rea degradada em Jaguaribe"},"content":{"rendered":"<p><strong>T\u00e9cnicos da institui\u00e7\u00e3o mostraram \u00e0 comunidade do Brum os benef\u00edcios das interven\u00e7\u00f5es no solo<\/strong><\/p>\n<p>Com 24% de seu territ\u00f3rio em processo de desertifica\u00e7\u00e3o, o munic\u00edpio de Jaguaribe foi escolhido pela Funda\u00e7\u00e3o Cearense de Meteorologia e Recursos H\u00eddricos (Funceme) como sede de um projeto de recupera\u00e7\u00e3o de solos degradados. Uma \u00e1rea de cinco hectares na comunidade do S\u00edtio do Brum recebeu, em 2014, interven\u00e7\u00f5es f\u00edsicas orientadas pelos t\u00e9cnicos da institui\u00e7\u00e3o e hoje os benef\u00edcios obtidos s\u00e3o percebidos pela comunidade e por quem passa pelo local.<\/p>\n<p><img decoding=\"async\" loading=\"lazy\" class=\" size-full wp-image-1240\" src=\"http:\/\/funceme.br\/wp-content\/uploads\/2015\/07\/brum-area-1.JPG\" border=\"0\" alt=\"\" width=\"560\" height=\"339\"><\/p>\n<p>Na \u00faltima sexta-feira, 3 de julho, a Funceme apresentou oficialmente \u00e0s cerca de 25 fam\u00edlias da comunidade os resultados do Projeto de Recupera\u00e7\u00e3o de \u00c1rea Degradada da Sub-bacia Hidrogr\u00e1fica do Riacho do Brum &#8211; Jaguaribe\/CE. O presidente da institui\u00e7\u00e3o, Eduardo S\u00e1vio Martins, o prefeito do Munic\u00edpio, Jos\u00e9 Abner Di\u00f3genes, e representantes das tr\u00eas \u00e1reas de atua\u00e7\u00e3o da Funceme (Meio Ambiente, Meteorologia e Recursos H\u00eddricos) estiveram na Escola de Ensino Infantil e Ensino Fundamental Diomedes Barbosa para trocar experi\u00eancias com os moradores do Brum.<\/p>\n<p><img decoding=\"async\" loading=\"lazy\" class=\" size-full wp-image-1241\" src=\"http:\/\/funceme.br\/wp-content\/uploads\/2015\/07\/brum-eduardo-e-abner2.JPG\" border=\"0\" alt=\"\" width=\"560\" height=\"428\"><\/p>\n<p>Pela manh\u00e3, o projeto foi apresentado \u00e0s crian\u00e7as da Escola, que tamb\u00e9m assistiram a uma palestra sobre a import\u00e2ncia do destino adequado do lixo e as solu\u00e7\u00f5es de descarte de res\u00edduos, ministrada pela t\u00e9cnica Katiane Almeida, da C\u00e9lula de Educa\u00e7\u00e3o Ambiental da Secretaria Estadual do Meio Ambiente (Sema). Os alunos tamb\u00e9m visitaram a plataforma de coleta de dados da Funceme instalada na comunidade.<\/p>\n<p><img decoding=\"async\" loading=\"lazy\" class=\" size-full wp-image-1242\" src=\"http:\/\/funceme.br\/wp-content\/uploads\/2015\/07\/brum-criancas-estacao-3.JPG\" border=\"0\" alt=\"\" width=\"560\" height=\"451\"><\/p>\n<p><img decoding=\"async\" loading=\"lazy\" class=\" size-full wp-image-1243\" src=\"http:\/\/funceme.br\/wp-content\/uploads\/2015\/07\/brum-criancas-katiane-4.JPG\" border=\"0\" alt=\"\" width=\"560\" height=\"378\"><\/p>\n<p><img decoding=\"async\" loading=\"lazy\" class=\" size-full wp-image-1244\" src=\"http:\/\/funceme.br\/wp-content\/uploads\/2015\/07\/brum-criancas-sonia-5.JPG\" border=\"0\" alt=\"\" width=\"560\" height=\"372\"><\/p>\n<p><img decoding=\"async\" loading=\"lazy\" class=\" size-full wp-image-1245\" src=\"http:\/\/funceme.br\/wp-content\/uploads\/2015\/07\/brum-criancas-meiry-6.JPG\" border=\"0\" alt=\"\" width=\"560\" height=\"378\"><\/p>\n<p>\u00c0 tarde, foi a vez de os adultos assistirem \u00e0s apresenta\u00e7\u00f5es e discutirem os resultados do projeto. &#8220;Eu acreditei desde o in\u00edcio porque meu filho trabalhou na equipe que melhorou a terra. Algumas pessoas tinham desconfian\u00e7a, mas quando a gente entra na \u00e1rea recuperada, tem vontade de ficar, pois o clima \u00e9 mais agrad\u00e1vel l\u00e1, n\u00e3o faz tanto calor. Eu nasci e me criei nesses tabuleiros e acho que essa foi umas das melhores a\u00e7\u00f5es que fizeram por aqui&#8221;, opinou a professora Luzia Cosme Silva, moradora do Brum, orgulhosa do trabalho que o filho Josu\u00e9 Silva ajudou a desenvolver na comunidade.<\/p>\n<p><img decoding=\"async\" loading=\"lazy\" class=\" size-full wp-image-1246\" src=\"http:\/\/funceme.br\/wp-content\/uploads\/2015\/07\/brum-comunidade-7.JPG\" border=\"0\" alt=\"\" width=\"560\" height=\"369\"><\/p>\n<p>Ainda emocionada com o recente falecimento do filho num acidente de moto, Luzia mostra for\u00e7a e esperan\u00e7a ao acreditar que o projeto do Brum pode ser modelo para outras localidades. &#8220;Tem tanta terra seca nessas redondezas que poderiam receber uma a\u00e7\u00e3o como essa. E a gente que participa aprende que \u00e9 melhor cuidar da nossa terra do que destruir&#8221;.<\/p>\n<p><strong>O projeto<\/strong><\/p>\n<p>O munic\u00edpio de Jaguaribe faz parte do 3\u00ba N\u00facleo das \u00c1reas Suscept\u00edveis \u00e0 Desertifica\u00e7\u00e3o (ASD) no Cear\u00e1, e desde 2004 a Funceme esbo\u00e7ava um projeto de recupera\u00e7\u00e3o de terra no M\u00e9dio Jaguaribe. Em 2012, atrav\u00e9s de financiamento pelo Fundo Clima, as a\u00e7\u00f5es foram iniciadas, com um diagn\u00f3stico socioecon\u00f4mico das fam\u00edlias da comunidade e diagn\u00f3stico f\u00edsico da regi\u00e3o.<\/p>\n<p>&#8220;O Neto do Brum, l\u00edder comunit\u00e1rio, concordou em ceder uma \u00e1rea de cinco hectares, dos quais tr\u00eas deles estavam em processo adiantado de degrada\u00e7\u00e3o. Em 2014, come\u00e7amos as interven\u00e7\u00f5es, sempre com o envolvimento da comunidade. Conclu\u00edmos tudo em janeiro deste ano, antes da esta\u00e7\u00e3o das chuvas. Hoje, mesmo com precipita\u00e7\u00f5es abaixo da m\u00e9dia na regi\u00e3o, os resultados do projeto s\u00e3o facilmente percebidos. Devido \u00e0 maior conserva\u00e7\u00e3o de umidade no solo, a mata ciliar ainda resiste e a vegeta\u00e7\u00e3o permanece mais frondosa&#8221;, comemora Margareth Carvalho, chefe do N\u00facleo de Meio Ambiente e Recursos H\u00eddricos da Funceme.<\/p>\n<p><img decoding=\"async\" loading=\"lazy\" class=\" size-full wp-image-1247\" src=\"http:\/\/funceme.br\/wp-content\/uploads\/2015\/07\/brum-equipe-barragem8.JPG\" border=\"0\" alt=\"\" width=\"560\" height=\"420\"><\/p>\n<p>Foram v\u00e1rias interven\u00e7\u00f5es f\u00edsicas no Brum, dentre elas barramentos sucessivos de pedra, terraceamento, sulcamento, escarifica\u00e7\u00e3o do solo e aplica\u00e7\u00e3o de material org\u00e2nico e serrapilheira. Na quinta-feira, 2 de julho, t\u00e9cnicos das tr\u00eas \u00e1reas de atua\u00e7\u00e3o da Funceme fizeram visita t\u00e9cnica na \u00e1rea para constatar o grau de evolu\u00e7\u00e3o da recupera\u00e7\u00e3o da terra, comparando com imagens feitas no in\u00edcio do projeto.<\/p>\n<p><img decoding=\"async\" loading=\"lazy\" class=\" size-full wp-image-1248\" src=\"http:\/\/funceme.br\/wp-content\/uploads\/2015\/07\/brum-equipe-funceme-9.JPG\" border=\"0\" alt=\"\" width=\"560\" height=\"402\"><\/p>\n<p>&#8220;A natureza fez com que eu acreditasse nesse projeto. T\u00ednhamos a cultura de fazer queimadas e usar bastante agrot\u00f3xico. Chegou um momento em que a terra zerou e passou a negar o que eu investia. Tive que parar, ver onde errei e melhorar. No meu caso, o n\u00famero excessivo de animais contribuiu para a degrada\u00e7\u00e3o. A\u00ed o projeto da Funceme chegou e eu vi a oportunidade de recuperar o solo e aprender o manejo correto&#8221;, conta o l\u00edder comunit\u00e1rio Neto do Brum.<\/p>\n<p><img decoding=\"async\" loading=\"lazy\" class=\" size-full wp-image-1249\" src=\"http:\/\/funceme.br\/wp-content\/uploads\/2015\/07\/brum-neto10.JPG\" border=\"0\" alt=\"\" width=\"560\" height=\"420\"><\/p>\n<p>Fonte: Assessoria de Comunica\u00e7\u00e3o da Funceme<br \/>\n4 de julho de 2015<\/p>\n","protected":false},"excerpt":{"rendered":"<p>T\u00e9cnicos da institui\u00e7\u00e3o mostraram \u00e0 comunidade do Brum os benef\u00edcios das interven\u00e7\u00f5es no solo Com 24% de seu territ\u00f3rio em processo de desertifica\u00e7\u00e3o, o munic\u00edpio de Jaguaribe foi escolhido pela Funda\u00e7\u00e3o Cearense de Meteorologia e Recursos H\u00eddricos (Funceme) como sede de um projeto de recupera\u00e7\u00e3o de solos degradados. Uma \u00e1rea de cinco hectares na comunidade [&hellip;]<\/p>\n","protected":false},"author":1,"featured_media":1240,"comment_status":"closed","ping_status":"open","sticky":false,"template":"","format":"standard","meta":[],"categories":[15],"tags":[],"acf":[],"_links":{"self":[{"href":"http:\/\/www.funceme.br\/index.php?rest_route=\/wp\/v2\/posts\/1250"}],"collection":[{"href":"http:\/\/www.funceme.br\/index.php?rest_route=\/wp\/v2\/posts"}],"about":[{"href":"http:\/\/www.funceme.br\/index.php?rest_route=\/wp\/v2\/types\/post"}],"author":[{"embeddable":true,"href":"http:\/\/www.funceme.br\/index.php?rest_route=\/wp\/v2\/users\/1"}],"replies":[{"embeddable":true,"href":"http:\/\/www.funceme.br\/index.php?rest_route=%2Fwp%2Fv2%2Fcomments&post=1250"}],"version-history":[{"count":1,"href":"http:\/\/www.funceme.br\/index.php?rest_route=\/wp\/v2\/posts\/1250\/revisions"}],"predecessor-version":[{"id":7567,"href":"http:\/\/www.funceme.br\/index.php?rest_route=\/wp\/v2\/posts\/1250\/revisions\/7567"}],"wp:featuredmedia":[{"embeddable":true,"href":"http:\/\/www.funceme.br\/index.php?rest_route=\/wp\/v2\/media\/1240"}],"wp:attachment":[{"href":"http:\/\/www.funceme.br\/index.php?rest_route=%2Fwp%2Fv2%2Fmedia&parent=1250"}],"wp:term":[{"taxonomy":"category","embeddable":true,"href":"http:\/\/www.funceme.br\/index.php?rest_route=%2Fwp%2Fv2%2Fcategories&post=1250"},{"taxonomy":"post_tag","embeddable":true,"href":"http:\/\/www.funceme.br\/index.php?rest_route=%2Fwp%2Fv2%2Ftags&post=1250"}],"curies":[{"name":"wp","href":"https:\/\/api.w.org\/{rel}","templated":true}]}}