{"id":12582,"date":"2024-03-07T11:34:54","date_gmt":"2024-03-07T14:34:54","guid":{"rendered":"http:\/\/www.funceme.br\/?p=12582"},"modified":"2024-03-18T12:48:13","modified_gmt":"2024-03-18T15:48:13","slug":"abertas-inscricoes-para-a-1a-escola-de-verao-internacional-evri-veja-detalhes","status":"publish","type":"post","link":"http:\/\/www.funceme.br\/?p=12582","title":{"rendered":"Abertas inscri\u00e7\u00f5es para a 1\u00aa Escola de Ver\u00e3o Internacional (EVRI); veja detalhes"},"content":{"rendered":"<p><img decoding=\"async\" loading=\"lazy\" class=\"wp-image-12583 aligncenter\" src=\"http:\/\/www.funceme.br\/wp-content\/uploads\/2024\/03\/escola-de-verao.png\" alt=\"\" width=\"750\" height=\"570\" srcset=\"http:\/\/www.funceme.br\/wp-content\/uploads\/2024\/03\/escola-de-verao.png 2481w, http:\/\/www.funceme.br\/wp-content\/uploads\/2024\/03\/escola-de-verao-600x456.png 600w, http:\/\/www.funceme.br\/wp-content\/uploads\/2024\/03\/escola-de-verao-1200x913.png 1200w, http:\/\/www.funceme.br\/wp-content\/uploads\/2024\/03\/escola-de-verao-768x584.png 768w, http:\/\/www.funceme.br\/wp-content\/uploads\/2024\/03\/escola-de-verao-1536x1168.png 1536w, http:\/\/www.funceme.br\/wp-content\/uploads\/2024\/03\/escola-de-verao-2048x1558.png 2048w\" sizes=\"(max-width: 750px) 100vw, 750px\" \/><\/p>\n<p>Est\u00e3o abertas as inscri\u00e7\u00f5es para a <a href=\"https:\/\/aguassociedades.wixsite.com\/evri\"><strong>1\u00aa Escola de Ver\u00e3o Internacional (EVRI)<\/strong><\/a>. Com a governan\u00e7a da \u00e1gua como tema principal, a capacita\u00e7\u00e3o, ser\u00e1 realizada na Funda\u00e7\u00e3o Cearense de Meteorologia e Recursos H\u00eddricos (Funceme), em parceria com a Universidade Federal do Cear\u00e1 (UFC), entre os dias 15 e 19 de abril 2024.<\/p>\n<p>A capacita\u00e7\u00e3o contar\u00e1 com a participa\u00e7\u00e3o de professores, pesquisadores e profissionais da Fran\u00e7a Argentina, Chile, al\u00e9m do Brasil.<\/p>\n<p>O evento vem complementar as forma\u00e7\u00f5es existentes dos cursos de p\u00f3s-gradua\u00e7\u00e3o da UFC, por meio de uma forma\u00e7\u00e3o em Ci\u00eancias Sociais aberta aos alunos de diferentes institui\u00e7\u00f5es de ensino e especialidades (Recursos H\u00eddricos, Sociologia, Geografia, Economia, Ci\u00eancias Pol\u00edticas, entre outras) e com enfoque de trabalho sobre a \u00e1gua e a seguran\u00e7a h\u00eddrica, em um contexto de mudan\u00e7as clim\u00e1ticas e secas.<\/p>\n<p>As incri\u00e7\u00f5es podem ser feitas at\u00e9 o dia 15 de mar\u00e7o por meio do link <strong><a href=\"https:\/\/aguassociedades.wixsite.com\/evri\">https:\/\/aguassociedades.wixsite.com\/evri<\/a><\/strong>.<\/p>\n","protected":false},"excerpt":{"rendered":"<p>Est\u00e3o abertas as inscri\u00e7\u00f5es para a 1\u00aa Escola de Ver\u00e3o Internacional (EVRI). Com a governan\u00e7a da \u00e1gua como tema principal, a capacita\u00e7\u00e3o, ser\u00e1 realizada na Funda\u00e7\u00e3o Cearense de Meteorologia e Recursos H\u00eddricos (Funceme), em parceria com a Universidade Federal do Cear\u00e1 (UFC), entre os dias 15 e 19 de abril 2024.<\/p>\n","protected":false},"author":4,"featured_media":12583,"comment_status":"closed","ping_status":"open","sticky":false,"template":"","format":"standard","meta":[],"categories":[562,15],"tags":[560,581],"acf":[],"_links":{"self":[{"href":"http:\/\/www.funceme.br\/index.php?rest_route=\/wp\/v2\/posts\/12582"}],"collection":[{"href":"http:\/\/www.funceme.br\/index.php?rest_route=\/wp\/v2\/posts"}],"about":[{"href":"http:\/\/www.funceme.br\/index.php?rest_route=\/wp\/v2\/types\/post"}],"author":[{"embeddable":true,"href":"http:\/\/www.funceme.br\/index.php?rest_route=\/wp\/v2\/users\/4"}],"replies":[{"embeddable":true,"href":"http:\/\/www.funceme.br\/index.php?rest_route=%2Fwp%2Fv2%2Fcomments&post=12582"}],"version-history":[{"count":3,"href":"http:\/\/www.funceme.br\/index.php?rest_route=\/wp\/v2\/posts\/12582\/revisions"}],"predecessor-version":[{"id":12586,"href":"http:\/\/www.funceme.br\/index.php?rest_route=\/wp\/v2\/posts\/12582\/revisions\/12586"}],"wp:featuredmedia":[{"embeddable":true,"href":"http:\/\/www.funceme.br\/index.php?rest_route=\/wp\/v2\/media\/12583"}],"wp:attachment":[{"href":"http:\/\/www.funceme.br\/index.php?rest_route=%2Fwp%2Fv2%2Fmedia&parent=12582"}],"wp:term":[{"taxonomy":"category","embeddable":true,"href":"http:\/\/www.funceme.br\/index.php?rest_route=%2Fwp%2Fv2%2Fcategories&post=12582"},{"taxonomy":"post_tag","embeddable":true,"href":"http:\/\/www.funceme.br\/index.php?rest_route=%2Fwp%2Fv2%2Ftags&post=12582"}],"curies":[{"name":"wp","href":"https:\/\/api.w.org\/{rel}","templated":true}]}}