{"id":12628,"date":"2024-03-13T11:47:14","date_gmt":"2024-03-13T14:47:14","guid":{"rendered":"http:\/\/www.funceme.br\/?p=12628"},"modified":"2024-03-13T11:47:14","modified_gmt":"2024-03-13T14:47:14","slug":"funceme-realiza-curso-de-meteorologia-basica-para-defesa-civil","status":"publish","type":"post","link":"http:\/\/www.funceme.br\/?p=12628","title":{"rendered":"Funceme realiza Curso de meteorologia b\u00e1sica para Defesa Civil"},"content":{"rendered":"<div id=\"attachment_12630\" style=\"width: 700px\" class=\"wp-caption aligncenter\"><img aria-describedby=\"caption-attachment-12630\" decoding=\"async\" loading=\"lazy\" class=\"size-large wp-image-12630\" src=\"http:\/\/www.funceme.br\/wp-content\/uploads\/2024\/03\/IMG_9956-1-1200x800.jpg\" alt=\"Curso de Meteorologia B\u00e1sica para Defesa Civil. (Foto: Ascom Funceme)\" width=\"690\" height=\"460\" srcset=\"http:\/\/www.funceme.br\/wp-content\/uploads\/2024\/03\/IMG_9956-1-1200x800.jpg 1200w, http:\/\/www.funceme.br\/wp-content\/uploads\/2024\/03\/IMG_9956-1-600x400.jpg 600w, http:\/\/www.funceme.br\/wp-content\/uploads\/2024\/03\/IMG_9956-1-768x512.jpg 768w, http:\/\/www.funceme.br\/wp-content\/uploads\/2024\/03\/IMG_9956-1-1536x1024.jpg 1536w, http:\/\/www.funceme.br\/wp-content\/uploads\/2024\/03\/IMG_9956-1-2048x1365.jpg 2048w\" sizes=\"(max-width: 690px) 100vw, 690px\" \/><p id=\"caption-attachment-12630\" class=\"wp-caption-text\"><em>Curso de Meteorologia B\u00e1sica para Defesa Civil. (Foto: Ascom Funceme)<\/em><\/p><\/div>\n<p>Na quarta-feira (13), foi realizado pela Funda\u00e7\u00e3o Cearense Meteorologia e Recursos H\u00eddricos (Funceme) o <i>Curso de Meteorologia B\u00e1sica para Defesa Civil<\/i> com a participa\u00e7\u00e3o de 12 t\u00e9cnicos da Defesa Civil de Uruburetama, munic\u00edpio cearense.<\/p>\n<p>Nesta etapa, consistiu de uma visita t\u00e9cnica \u00e0 funda\u00e7\u00e3o, apresenta\u00e7\u00e3o da estrutura de Meteorologia e Monitoramento e discuss\u00f5es com equipe t\u00e9cnica.<\/p>\n<div id=\"attachment_12631\" style=\"width: 355px\" class=\"wp-caption aligncenter\"><img aria-describedby=\"caption-attachment-12631\" decoding=\"async\" loading=\"lazy\" class=\"size-large wp-image-12631\" src=\"http:\/\/www.funceme.br\/wp-content\/uploads\/2024\/03\/WhatsApp-Image-2024-03-13-at-11.43.14-1200x1600.jpeg\" alt=\"Cleiton Sampaio, coordenador da Defesa Civil de Uruburetama. (Foto: Ascom Funceme)\" width=\"345\" height=\"460\" srcset=\"http:\/\/www.funceme.br\/wp-content\/uploads\/2024\/03\/WhatsApp-Image-2024-03-13-at-11.43.14-1200x1600.jpeg 1200w, http:\/\/www.funceme.br\/wp-content\/uploads\/2024\/03\/WhatsApp-Image-2024-03-13-at-11.43.14-600x800.jpeg 600w, http:\/\/www.funceme.br\/wp-content\/uploads\/2024\/03\/WhatsApp-Image-2024-03-13-at-11.43.14-768x1024.jpeg 768w, http:\/\/www.funceme.br\/wp-content\/uploads\/2024\/03\/WhatsApp-Image-2024-03-13-at-11.43.14-1152x1536.jpeg 1152w, http:\/\/www.funceme.br\/wp-content\/uploads\/2024\/03\/WhatsApp-Image-2024-03-13-at-11.43.14-1536x2048.jpeg 1536w, http:\/\/www.funceme.br\/wp-content\/uploads\/2024\/03\/WhatsApp-Image-2024-03-13-at-11.43.14-scaled.jpeg 1920w\" sizes=\"(max-width: 345px) 100vw, 345px\" \/><p id=\"caption-attachment-12631\" class=\"wp-caption-text\"><em>Cleiton Sampaio, coordenador da Defesa Civil de Uruburetama. (Foto: Ascom Funceme)<\/em><\/p><\/div>\n<p>\u201cSolicitamos \u00e0 Funceme esta capacita\u00e7\u00e3o para entender melhor o processo de trabalho para conseguir at\u00e9 repassar essas informa\u00e7\u00f5es para a popula\u00e7\u00e3o [\u2026] e levar para o munic\u00edpio nos ajudando na Defesa Civil que trabalha a preven\u00e7\u00e3o, o alerta, principalmente neste per\u00edodo de chuvas.\u201d afirma Cleiton Sampaio, coordenador da Defesa Civil de Uruburetama.<\/p>\n<p>A capacita\u00e7\u00e3o j\u00e1 teve um primeiro momento virtual abordando temas como Conceitos b\u00e1sicos de meteorologia, Monitoramento e previs\u00e3o de risco, Avisos Meteorol\u00f3gicos, entre outros assuntos, ministrados pela Ger\u00eancia de Meteorologia.<\/p>\n","protected":false},"excerpt":{"rendered":"<p>Na quarta-feira (13), foi realizado pela Funda\u00e7\u00e3o Cearense Meteorologia e Recursos H\u00eddricos (Funceme) o Curso de Meteorologia B\u00e1sica para Defesa Civil com a participa\u00e7\u00e3o de 12 t\u00e9cnicos da Defesa Civil de Uruburetama, munic\u00edpio cearense. Nesta etapa, consistiu de uma visita t\u00e9cnica \u00e0 funda\u00e7\u00e3o, apresenta\u00e7\u00e3o da estrutura de Meteorologia e Monitoramento e discuss\u00f5es com equipe t\u00e9cnica. [&hellip;]<\/p>\n","protected":false},"author":7,"featured_media":12630,"comment_status":"closed","ping_status":"open","sticky":false,"template":"","format":"standard","meta":[],"categories":[59,81],"tags":[560,585,97,74,486,82],"acf":[],"_links":{"self":[{"href":"http:\/\/www.funceme.br\/index.php?rest_route=\/wp\/v2\/posts\/12628"}],"collection":[{"href":"http:\/\/www.funceme.br\/index.php?rest_route=\/wp\/v2\/posts"}],"about":[{"href":"http:\/\/www.funceme.br\/index.php?rest_route=\/wp\/v2\/types\/post"}],"author":[{"embeddable":true,"href":"http:\/\/www.funceme.br\/index.php?rest_route=\/wp\/v2\/users\/7"}],"replies":[{"embeddable":true,"href":"http:\/\/www.funceme.br\/index.php?rest_route=%2Fwp%2Fv2%2Fcomments&post=12628"}],"version-history":[{"count":2,"href":"http:\/\/www.funceme.br\/index.php?rest_route=\/wp\/v2\/posts\/12628\/revisions"}],"predecessor-version":[{"id":12633,"href":"http:\/\/www.funceme.br\/index.php?rest_route=\/wp\/v2\/posts\/12628\/revisions\/12633"}],"wp:featuredmedia":[{"embeddable":true,"href":"http:\/\/www.funceme.br\/index.php?rest_route=\/wp\/v2\/media\/12630"}],"wp:attachment":[{"href":"http:\/\/www.funceme.br\/index.php?rest_route=%2Fwp%2Fv2%2Fmedia&parent=12628"}],"wp:term":[{"taxonomy":"category","embeddable":true,"href":"http:\/\/www.funceme.br\/index.php?rest_route=%2Fwp%2Fv2%2Fcategories&post=12628"},{"taxonomy":"post_tag","embeddable":true,"href":"http:\/\/www.funceme.br\/index.php?rest_route=%2Fwp%2Fv2%2Ftags&post=12628"}],"curies":[{"name":"wp","href":"https:\/\/api.w.org\/{rel}","templated":true}]}}