{"id":12635,"date":"2024-03-15T10:59:43","date_gmt":"2024-03-15T13:59:43","guid":{"rendered":"http:\/\/www.funceme.br\/?p=12635"},"modified":"2024-03-15T11:01:29","modified_gmt":"2024-03-15T14:01:29","slug":"ceara-tem-condicoes-para-chuvas-em-todas-as-regioes-ate-domingo-17-centro-norte-deve-receber-maiores-acumulados","status":"publish","type":"post","link":"http:\/\/www.funceme.br\/?p=12635","title":{"rendered":"Cear\u00e1 tem condi\u00e7\u00f5es para chuvas em todas as regi\u00f5es at\u00e9 domingo (17); centro-norte deve receber maiores acumulados"},"content":{"rendered":"<div id=\"attachment_12636\" style=\"width: 760px\" class=\"wp-caption aligncenter\"><img aria-describedby=\"caption-attachment-12636\" decoding=\"async\" loading=\"lazy\" class=\"wp-image-12636\" src=\"http:\/\/www.funceme.br\/wp-content\/uploads\/2024\/03\/WhatsApp-Image-2024-03-15-at-10.54.30.jpeg\" alt=\"No centro-sul, chuvas dever\u00e3o ser relativamente menores em rela\u00e7\u00e3o ao centro-norte (FOTO: Marciel Bezerra)\" width=\"750\" height=\"563\" srcset=\"http:\/\/www.funceme.br\/wp-content\/uploads\/2024\/03\/WhatsApp-Image-2024-03-15-at-10.54.30.jpeg 1600w, http:\/\/www.funceme.br\/wp-content\/uploads\/2024\/03\/WhatsApp-Image-2024-03-15-at-10.54.30-600x450.jpeg 600w, http:\/\/www.funceme.br\/wp-content\/uploads\/2024\/03\/WhatsApp-Image-2024-03-15-at-10.54.30-1200x900.jpeg 1200w, http:\/\/www.funceme.br\/wp-content\/uploads\/2024\/03\/WhatsApp-Image-2024-03-15-at-10.54.30-768x576.jpeg 768w, http:\/\/www.funceme.br\/wp-content\/uploads\/2024\/03\/WhatsApp-Image-2024-03-15-at-10.54.30-1536x1152.jpeg 1536w\" sizes=\"(max-width: 750px) 100vw, 750px\" \/><p id=\"caption-attachment-12636\" class=\"wp-caption-text\"><span style=\"color: #6b6b6b;\"><em>No centro-sul, chuvas dever\u00e3o ser relativamente menores em rela\u00e7\u00e3o ao centro-norte (FOTO: Marciel Bezerra)<\/em><\/span><\/p><\/div>\n<p>O in\u00edcio desta 2\u00aa quinzena do m\u00eas de mar\u00e7o \u00e9 de condi\u00e7\u00f5es para chuvas em todas as macrorregi\u00f5es, com os maiores acumulados esperados para o centro-norte do Cear\u00e1.<\/p>\n<p>De modo geral, a previs\u00e3o da Funda\u00e7\u00e3o Cearense de Meteorologia e Recursos H\u00eddricos (Funceme) desta sexta (15) at\u00e9 domingo (17) indica que os registros na por\u00e7\u00e3o mais ao norte ocorram principalmente entre madrugada e manh\u00e3, mas com possibilidade de eventos ao longo do dia. J\u00e1 para o centro-sul, entre tarde e noite, al\u00e9m de relativamente mais moderados.<\/p>\n<p>As precipita\u00e7\u00f5es no centro-norte do estado dever\u00e3o ser favorecidas pelo posicionamento e atua\u00e7\u00e3o\u00a0 da Zona de Converg\u00eancia Intertropical (ZCIT), principal sistema indutor de chuvas durante a quadra chuvosa, que atualmente encontra-se em torno de 2\u00baS. Al\u00e9m da ZCIT, os poss\u00edveis registros poder\u00e3o ser favorecidos<br \/>\npor \u00e1reas de instabilidade provenientes do leste do Nordeste, efeitos de brisa (terrestre e mar\u00edtima), assim como pela combina\u00e7\u00e3o de temperatura, umidade e relevo.<\/p>\n","protected":false},"excerpt":{"rendered":"<p>O in\u00edcio desta 2\u00aa quinzena do m\u00eas de mar\u00e7o \u00e9 de condi\u00e7\u00f5es para chuvas em todas as macrorregi\u00f5es, com os maiores acumulados esperados para o centro-norte do Cear\u00e1.<\/p>\n","protected":false},"author":4,"featured_media":12636,"comment_status":"closed","ping_status":"open","sticky":false,"template":"","format":"standard","meta":[],"categories":[81,15],"tags":[424,47,170,217],"acf":[],"_links":{"self":[{"href":"http:\/\/www.funceme.br\/index.php?rest_route=\/wp\/v2\/posts\/12635"}],"collection":[{"href":"http:\/\/www.funceme.br\/index.php?rest_route=\/wp\/v2\/posts"}],"about":[{"href":"http:\/\/www.funceme.br\/index.php?rest_route=\/wp\/v2\/types\/post"}],"author":[{"embeddable":true,"href":"http:\/\/www.funceme.br\/index.php?rest_route=\/wp\/v2\/users\/4"}],"replies":[{"embeddable":true,"href":"http:\/\/www.funceme.br\/index.php?rest_route=%2Fwp%2Fv2%2Fcomments&post=12635"}],"version-history":[{"count":1,"href":"http:\/\/www.funceme.br\/index.php?rest_route=\/wp\/v2\/posts\/12635\/revisions"}],"predecessor-version":[{"id":12637,"href":"http:\/\/www.funceme.br\/index.php?rest_route=\/wp\/v2\/posts\/12635\/revisions\/12637"}],"wp:featuredmedia":[{"embeddable":true,"href":"http:\/\/www.funceme.br\/index.php?rest_route=\/wp\/v2\/media\/12636"}],"wp:attachment":[{"href":"http:\/\/www.funceme.br\/index.php?rest_route=%2Fwp%2Fv2%2Fmedia&parent=12635"}],"wp:term":[{"taxonomy":"category","embeddable":true,"href":"http:\/\/www.funceme.br\/index.php?rest_route=%2Fwp%2Fv2%2Fcategories&post=12635"},{"taxonomy":"post_tag","embeddable":true,"href":"http:\/\/www.funceme.br\/index.php?rest_route=%2Fwp%2Fv2%2Ftags&post=12635"}],"curies":[{"name":"wp","href":"https:\/\/api.w.org\/{rel}","templated":true}]}}