{"id":12744,"date":"2024-04-22T12:37:34","date_gmt":"2024-04-22T15:37:34","guid":{"rendered":"http:\/\/www.funceme.br\/?p=12744"},"modified":"2024-04-22T12:37:34","modified_gmt":"2024-04-22T15:37:34","slug":"semana-inicia-se-com-condicoes-para-ceu-mais-claro-e-chuvas-pontuais","status":"publish","type":"post","link":"http:\/\/www.funceme.br\/?p=12744","title":{"rendered":"Semana inicia-se com condi\u00e7\u00f5es para c\u00e9u mais claro e chuvas pontuais"},"content":{"rendered":"<p style=\"text-align: justify;\">O Cear\u00e1 deve apresentar predom\u00ednio de condi\u00e7\u00f5es est\u00e1veis, ou seja, c\u00e9u mais claro at\u00e9 a pr\u00f3xima quarta-feira (24). Por\u00e9m, h\u00e1 possibilidade de chuvas isoladas ao longo do estado.<\/p>\n<p style=\"text-align: justify;\">De acordo com a Funda\u00e7\u00e3o Cearense de Meteorologia e Recursos H\u00eddricos (Funceme), os volumes relativamente maiores dever\u00e3o ocorrer no centro-norte do Cear\u00e1.<\/p>\n<p style=\"text-align: justify;\">As chuvas esperadas para este in\u00edcio de semana est\u00e3o associadas \u00e0s \u00e1reas de instabilidade provenientes do Oceano Atl\u00e2ntico, bem como aos efeitos da brisa (terrestre e mar\u00edtima) e da combina\u00e7\u00e3o de temperatura, umidade e relevo.<\/p>\n<p style=\"text-align: justify;\">A Zona de Converg\u00eancia Intertropical (ZCIT), principal sistema indutor de chuvas durante a quadra chuvosa no estado, encontra-se em torno da Linha do Equador.<\/p>\n","protected":false},"excerpt":{"rendered":"<p>O Cear\u00e1 deve apresentar predom\u00ednio de condi\u00e7\u00f5es est\u00e1veis, ou seja, c\u00e9u mais claro at\u00e9 a pr\u00f3xima quarta-feira (24). Por\u00e9m, h\u00e1 possibilidade de chuvas isoladas ao longo do estado.<\/p>\n","protected":false},"author":4,"featured_media":0,"comment_status":"closed","ping_status":"open","sticky":false,"template":"","format":"standard","meta":[],"categories":[81,15],"tags":[49,167],"acf":[],"_links":{"self":[{"href":"http:\/\/www.funceme.br\/index.php?rest_route=\/wp\/v2\/posts\/12744"}],"collection":[{"href":"http:\/\/www.funceme.br\/index.php?rest_route=\/wp\/v2\/posts"}],"about":[{"href":"http:\/\/www.funceme.br\/index.php?rest_route=\/wp\/v2\/types\/post"}],"author":[{"embeddable":true,"href":"http:\/\/www.funceme.br\/index.php?rest_route=\/wp\/v2\/users\/4"}],"replies":[{"embeddable":true,"href":"http:\/\/www.funceme.br\/index.php?rest_route=%2Fwp%2Fv2%2Fcomments&post=12744"}],"version-history":[{"count":1,"href":"http:\/\/www.funceme.br\/index.php?rest_route=\/wp\/v2\/posts\/12744\/revisions"}],"predecessor-version":[{"id":12745,"href":"http:\/\/www.funceme.br\/index.php?rest_route=\/wp\/v2\/posts\/12744\/revisions\/12745"}],"wp:attachment":[{"href":"http:\/\/www.funceme.br\/index.php?rest_route=%2Fwp%2Fv2%2Fmedia&parent=12744"}],"wp:term":[{"taxonomy":"category","embeddable":true,"href":"http:\/\/www.funceme.br\/index.php?rest_route=%2Fwp%2Fv2%2Fcategories&post=12744"},{"taxonomy":"post_tag","embeddable":true,"href":"http:\/\/www.funceme.br\/index.php?rest_route=%2Fwp%2Fv2%2Ftags&post=12744"}],"curies":[{"name":"wp","href":"https:\/\/api.w.org\/{rel}","templated":true}]}}