{"id":12768,"date":"2024-05-02T10:52:46","date_gmt":"2024-05-02T13:52:46","guid":{"rendered":"http:\/\/www.funceme.br\/?p=12768"},"modified":"2024-05-02T10:53:32","modified_gmt":"2024-05-02T13:53:32","slug":"ceara-deve-apresentar-condicoes-mais-estaveis-ate-esta-sexta-3","status":"publish","type":"post","link":"http:\/\/www.funceme.br\/?p=12768","title":{"rendered":"Cear\u00e1 deve apresentar condi\u00e7\u00f5es mais est\u00e1veis at\u00e9 esta sexta (3)"},"content":{"rendered":"<div id=\"attachment_12769\" style=\"width: 761px\" class=\"wp-caption aligncenter\"><img aria-describedby=\"caption-attachment-12769\" decoding=\"async\" loading=\"lazy\" class=\"wp-image-12769\" src=\"http:\/\/www.funceme.br\/wp-content\/uploads\/2024\/05\/WhatsApp-Image-2024-05-02-at-10.45.13-scaled.jpeg\" alt=\"Para o sul, o c\u00e9u dever\u00e1 ficar ainda mais claro (FOTO: Marciel Bezerra)\" width=\"751\" height=\"563\" srcset=\"http:\/\/www.funceme.br\/wp-content\/uploads\/2024\/05\/WhatsApp-Image-2024-05-02-at-10.45.13-scaled.jpeg 2560w, http:\/\/www.funceme.br\/wp-content\/uploads\/2024\/05\/WhatsApp-Image-2024-05-02-at-10.45.13-600x450.jpeg 600w, http:\/\/www.funceme.br\/wp-content\/uploads\/2024\/05\/WhatsApp-Image-2024-05-02-at-10.45.13-1200x900.jpeg 1200w, http:\/\/www.funceme.br\/wp-content\/uploads\/2024\/05\/WhatsApp-Image-2024-05-02-at-10.45.13-768x576.jpeg 768w, http:\/\/www.funceme.br\/wp-content\/uploads\/2024\/05\/WhatsApp-Image-2024-05-02-at-10.45.13-1536x1152.jpeg 1536w, http:\/\/www.funceme.br\/wp-content\/uploads\/2024\/05\/WhatsApp-Image-2024-05-02-at-10.45.13-2048x1536.jpeg 2048w\" sizes=\"(max-width: 751px) 100vw, 751px\" \/><p id=\"caption-attachment-12769\" class=\"wp-caption-text\"><span style=\"color: #6b6b6b;\"><em>Para o sul, o c\u00e9u dever\u00e1 ficar ainda mais claro (FOTO: Marciel Bezerra)<\/em><\/span><\/p><\/div>\n<p>O Cear\u00e1 deve manter o predom\u00ednio das condi\u00e7\u00f5es est\u00e1veis de tempo at\u00e9 esta sexta-feira (3), isto \u00e9, chuvas pontuais e c\u00e9u mais claro.<\/p>\n<p>Conforme a Funda\u00e7\u00e3o Cearense e Meteorologia e Recursos H\u00eddricos (Funceme), as principais precipita\u00e7\u00f5es poder\u00e3o ocorrer no noroeste do estado, onde est\u00e3o as macrorregi\u00f5es do Litoral Norte e Ibiapaba.<\/p>\n<p>A Zona de Converg\u00eancia Intertropical (ZCIT), principal sistema indutor de precipita\u00e7\u00f5es durante a quadra chuvosa encontra-se localizada em torno de 1\u00b0N. Com isso, o motivo das chuvas previstas s\u00e3o \u00e1reas de instabilidade oriundas do Atl\u00e2ntico, sistema de brisa, umidade, calor e relevo.<\/p>\n","protected":false},"excerpt":{"rendered":"<p>O Cear\u00e1 deve manter o predom\u00ednio das condi\u00e7\u00f5es est\u00e1veis de tempo at\u00e9 esta sexta-feira (3), isto \u00e9, chuvas pontuais e c\u00e9u mais claro.<\/p>\n","protected":false},"author":4,"featured_media":12769,"comment_status":"closed","ping_status":"open","sticky":false,"template":"","format":"standard","meta":[],"categories":[81,15],"tags":[49,56],"acf":[],"_links":{"self":[{"href":"http:\/\/www.funceme.br\/index.php?rest_route=\/wp\/v2\/posts\/12768"}],"collection":[{"href":"http:\/\/www.funceme.br\/index.php?rest_route=\/wp\/v2\/posts"}],"about":[{"href":"http:\/\/www.funceme.br\/index.php?rest_route=\/wp\/v2\/types\/post"}],"author":[{"embeddable":true,"href":"http:\/\/www.funceme.br\/index.php?rest_route=\/wp\/v2\/users\/4"}],"replies":[{"embeddable":true,"href":"http:\/\/www.funceme.br\/index.php?rest_route=%2Fwp%2Fv2%2Fcomments&post=12768"}],"version-history":[{"count":2,"href":"http:\/\/www.funceme.br\/index.php?rest_route=\/wp\/v2\/posts\/12768\/revisions"}],"predecessor-version":[{"id":12771,"href":"http:\/\/www.funceme.br\/index.php?rest_route=\/wp\/v2\/posts\/12768\/revisions\/12771"}],"wp:featuredmedia":[{"embeddable":true,"href":"http:\/\/www.funceme.br\/index.php?rest_route=\/wp\/v2\/media\/12769"}],"wp:attachment":[{"href":"http:\/\/www.funceme.br\/index.php?rest_route=%2Fwp%2Fv2%2Fmedia&parent=12768"}],"wp:term":[{"taxonomy":"category","embeddable":true,"href":"http:\/\/www.funceme.br\/index.php?rest_route=%2Fwp%2Fv2%2Fcategories&post=12768"},{"taxonomy":"post_tag","embeddable":true,"href":"http:\/\/www.funceme.br\/index.php?rest_route=%2Fwp%2Fv2%2Ftags&post=12768"}],"curies":[{"name":"wp","href":"https:\/\/api.w.org\/{rel}","templated":true}]}}