{"id":12990,"date":"2024-05-15T11:08:42","date_gmt":"2024-05-15T14:08:42","guid":{"rendered":"http:\/\/www.funceme.br\/?p=12990"},"modified":"2024-05-16T11:27:10","modified_gmt":"2024-05-16T14:27:10","slug":"funceme-participa-de-planejamento-estrategico-do-ird-brasil","status":"publish","type":"post","link":"http:\/\/www.funceme.br\/?p=12990","title":{"rendered":"Funceme participa de planejamento estrat\u00e9gico do IRD Brasil"},"content":{"rendered":"<div id=\"attachment_12991\" style=\"width: 761px\" class=\"wp-caption aligncenter\"><img aria-describedby=\"caption-attachment-12991\" decoding=\"async\" loading=\"lazy\" class=\"wp-image-12991\" src=\"http:\/\/www.funceme.br\/wp-content\/uploads\/2024\/05\/WhatsApp-Image-2024-05-16-at-11.25.14.jpeg\" alt=\"Encontro aconteceu no Rio de Janeiro (FOTO: Divulga\u00e7\u00e3o)\" width=\"751\" height=\"563\" srcset=\"http:\/\/www.funceme.br\/wp-content\/uploads\/2024\/05\/WhatsApp-Image-2024-05-16-at-11.25.14.jpeg 1280w, http:\/\/www.funceme.br\/wp-content\/uploads\/2024\/05\/WhatsApp-Image-2024-05-16-at-11.25.14-600x450.jpeg 600w, http:\/\/www.funceme.br\/wp-content\/uploads\/2024\/05\/WhatsApp-Image-2024-05-16-at-11.25.14-1200x900.jpeg 1200w, http:\/\/www.funceme.br\/wp-content\/uploads\/2024\/05\/WhatsApp-Image-2024-05-16-at-11.25.14-768x576.jpeg 768w\" sizes=\"(max-width: 751px) 100vw, 751px\" \/><p id=\"caption-attachment-12991\" class=\"wp-caption-text\"><em>Encontro aconteceu no Rio de Janeiro (FOTO: Divulga\u00e7\u00e3o)<\/em><\/p><\/div>\n<p>As parcerias entre institutos de pesquisa s\u00e3o fundamentais para impulsionar a ci\u00eancia, incluindo no nosso semi\u00e1rido. Aqui, onde as condi\u00e7\u00f5es clim\u00e1ticas s\u00e3o desafiadoras, essas colabora\u00e7\u00f5es permitem a troca de conhecimentos, recursos e tecnologias.<\/p>\n<p>Para discutir e refor\u00e7ar projetos de pesquisa, a Funceme, representada por seu presidente Eduardo S\u00e1vio Martins, que tamb\u00e9m \u00e9 membro da rede ARID, participou da reuni\u00e3o anual do Instituto de Pesquisa e Desenvolvimento (IRD Brasil) na \u00faltima semana, em encontro na Universidade Federal do Rio de Janeiro (UFRJ)<\/p>\n<p>Na ocasi\u00e3o, Eduardo Martins apresentou sua vis\u00e3o da estrat\u00e9gia e prioridades de coopera\u00e7\u00e3o entre Fran\u00e7a e Brasil por meio do IRD.<\/p>\n<p>Estavam presentes na reuni\u00e3o pesquisadores da Fran\u00e7a e do Brasil. O suporte \u00e0 rede ARID foi t\u00f3pico da discuss\u00e3o, ocasi\u00e3o em que o presidente da Funceme apresentou os aspectos positivos da rede e como ela impactou as institui\u00e7\u00f5es parceiras.<\/p>\n","protected":false},"excerpt":{"rendered":"<p>As parcerias entre institutos de pesquisa s\u00e3o fundamentais para impulsionar a ci\u00eancia, incluindo no nosso semi\u00e1rido. Aqui, onde as condi\u00e7\u00f5es clim\u00e1ticas s\u00e3o desafiadoras, essas colabora\u00e7\u00f5es permitem a troca de conhecimentos, recursos e tecnologias.<\/p>\n","protected":false},"author":4,"featured_media":12991,"comment_status":"closed","ping_status":"open","sticky":false,"template":"","format":"standard","meta":[],"categories":[562,15],"tags":[95,57,328,68,184],"acf":[],"_links":{"self":[{"href":"http:\/\/www.funceme.br\/index.php?rest_route=\/wp\/v2\/posts\/12990"}],"collection":[{"href":"http:\/\/www.funceme.br\/index.php?rest_route=\/wp\/v2\/posts"}],"about":[{"href":"http:\/\/www.funceme.br\/index.php?rest_route=\/wp\/v2\/types\/post"}],"author":[{"embeddable":true,"href":"http:\/\/www.funceme.br\/index.php?rest_route=\/wp\/v2\/users\/4"}],"replies":[{"embeddable":true,"href":"http:\/\/www.funceme.br\/index.php?rest_route=%2Fwp%2Fv2%2Fcomments&post=12990"}],"version-history":[{"count":1,"href":"http:\/\/www.funceme.br\/index.php?rest_route=\/wp\/v2\/posts\/12990\/revisions"}],"predecessor-version":[{"id":12992,"href":"http:\/\/www.funceme.br\/index.php?rest_route=\/wp\/v2\/posts\/12990\/revisions\/12992"}],"wp:featuredmedia":[{"embeddable":true,"href":"http:\/\/www.funceme.br\/index.php?rest_route=\/wp\/v2\/media\/12991"}],"wp:attachment":[{"href":"http:\/\/www.funceme.br\/index.php?rest_route=%2Fwp%2Fv2%2Fmedia&parent=12990"}],"wp:term":[{"taxonomy":"category","embeddable":true,"href":"http:\/\/www.funceme.br\/index.php?rest_route=%2Fwp%2Fv2%2Fcategories&post=12990"},{"taxonomy":"post_tag","embeddable":true,"href":"http:\/\/www.funceme.br\/index.php?rest_route=%2Fwp%2Fv2%2Ftags&post=12990"}],"curies":[{"name":"wp","href":"https:\/\/api.w.org\/{rel}","templated":true}]}}