{"id":13010,"date":"2024-05-21T13:46:33","date_gmt":"2024-05-21T16:46:33","guid":{"rendered":"http:\/\/www.funceme.br\/?p=13010"},"modified":"2024-05-21T13:59:37","modified_gmt":"2024-05-21T16:59:37","slug":"funceme-participa-do-seminario-estadual-para-atualizacao-do-plano-de-acao-brasileiro-de-combate-a-desertificacao","status":"publish","type":"post","link":"http:\/\/www.funceme.br\/?p=13010","title":{"rendered":"Funceme participa do Semin\u00e1rio Estadual para atualiza\u00e7\u00e3o do Plano de A\u00e7\u00e3o Brasileiro de Combate \u00e0 Desertifica\u00e7\u00e3o"},"content":{"rendered":"<div id=\"attachment_13011\" style=\"width: 760px\" class=\"wp-caption aligncenter\"><img aria-describedby=\"caption-attachment-13011\" decoding=\"async\" loading=\"lazy\" class=\"wp-image-13011\" src=\"http:\/\/www.funceme.br\/wp-content\/uploads\/2024\/05\/WhatsApp-Image-2024-05-21-at-12.42.06-2.jpeg\" alt=\"Apesar da regi\u00e3o priorit\u00e1ria continuar sendo o Nordeste e o Semi\u00e1rido, em outras regi\u00f5es brasileiras tamb\u00e9m s\u00e3o encontrados processos semelhantes de desertifica\u00e7\u00e3o e aridiza\u00e7\u00e3o. (FOTO: Reprodu\u00e7\u00e3o)\" width=\"750\" height=\"563\" srcset=\"http:\/\/www.funceme.br\/wp-content\/uploads\/2024\/05\/WhatsApp-Image-2024-05-21-at-12.42.06-2.jpeg 1600w, http:\/\/www.funceme.br\/wp-content\/uploads\/2024\/05\/WhatsApp-Image-2024-05-21-at-12.42.06-2-600x450.jpeg 600w, http:\/\/www.funceme.br\/wp-content\/uploads\/2024\/05\/WhatsApp-Image-2024-05-21-at-12.42.06-2-1200x900.jpeg 1200w, http:\/\/www.funceme.br\/wp-content\/uploads\/2024\/05\/WhatsApp-Image-2024-05-21-at-12.42.06-2-768x576.jpeg 768w, http:\/\/www.funceme.br\/wp-content\/uploads\/2024\/05\/WhatsApp-Image-2024-05-21-at-12.42.06-2-1536x1152.jpeg 1536w\" sizes=\"(max-width: 750px) 100vw, 750px\" \/><p id=\"caption-attachment-13011\" class=\"wp-caption-text\"><em>Apesar da regi\u00e3o priorit\u00e1ria continuar sendo o Nordeste e o Semi\u00e1rido, em outras regi\u00f5es brasileiras tamb\u00e9m s\u00e3o encontrados processos semelhantes de desertifica\u00e7\u00e3o e aridiza\u00e7\u00e3o. (FOTO: Reprodu\u00e7\u00e3o)<\/em><\/p><\/div>\n<p>Com objetivo de discutir, compartilhar e refletir sobre conhecimentos, experi\u00eancias e li\u00e7\u00f5es aprendidas, no combate \u00e0 desertifica\u00e7\u00e3o, mitiga\u00e7\u00e3o aos efeitos da seca e conviv\u00eancia com a semiaridez, a Funda\u00e7\u00e3o Cearense de Meteorologia e Recursos H\u00eddricos (Funceme) participou do Semin\u00e1rio Estadual de Atualiza\u00e7\u00e3o do Programa de A\u00e7\u00e3o Brasileiro de Combate \u00e0 Desertifica\u00e7\u00e3o e Mitiga\u00e7\u00e3o dos Efeitos da Seca (PAB).<\/p>\n<p>O evento realizado no Centro Cultural do Cariri S\u00e9rvulo Esmeraldo incluiu uma variedade de atividades, incluindo apresenta\u00e7\u00f5es sobre o panorama da desertifica\u00e7\u00e3o e seca nas \u00e1reas afetadas, oficinas, debates, di\u00e1logos com os participantes, sess\u00f5es plen\u00e1rias, compartilhamento de experi\u00eancias e trabalho em grupos tem\u00e1ticos para elabora\u00e7\u00e3o de propostas.<\/p>\n<div id=\"attachment_13012\" style=\"width: 760px\" class=\"wp-caption aligncenter\"><img aria-describedby=\"caption-attachment-13012\" decoding=\"async\" loading=\"lazy\" class=\"wp-image-13012\" src=\"http:\/\/www.funceme.br\/wp-content\/uploads\/2024\/05\/WhatsApp-Image-2024-05-20-at-13.47.44-e1716309945391.jpeg\" alt=\"Rousi Silva, Manuel Freitas e Eduardo S\u00e1vio, pesquisadores da Funceme, participam do evento (FOTO: Reprodu\u00e7\u00e3o)\" width=\"750\" height=\"832\" srcset=\"http:\/\/www.funceme.br\/wp-content\/uploads\/2024\/05\/WhatsApp-Image-2024-05-20-at-13.47.44-e1716309945391.jpeg 898w, http:\/\/www.funceme.br\/wp-content\/uploads\/2024\/05\/WhatsApp-Image-2024-05-20-at-13.47.44-e1716309945391-600x665.jpeg 600w, http:\/\/www.funceme.br\/wp-content\/uploads\/2024\/05\/WhatsApp-Image-2024-05-20-at-13.47.44-e1716309945391-768x852.jpeg 768w\" sizes=\"(max-width: 750px) 100vw, 750px\" \/><p id=\"caption-attachment-13012\" class=\"wp-caption-text\"><em>Rousi Silva, Manuel Freitas e Eduardo S\u00e1vio, pesquisadores da Funceme, participam do evento (FOTO: Reprodu\u00e7\u00e3o)<\/em><\/p><\/div>\n<p>Na ocasi\u00e3o, o presidente da Funceme, Eduardo S\u00e1vio Matins, apresentou as experi\u00eancia exitosas da institui\u00e7\u00e3o cearense, assim como os atuais estuds em todo do tema.<\/p>\n","protected":false},"excerpt":{"rendered":"<p>Com objetivo de discutir, compartilhar e refletir sobre conhecimentos, experi\u00eancias e li\u00e7\u00f5es aprendidas, no combate \u00e0 desertifica\u00e7\u00e3o, mitiga\u00e7\u00e3o aos efeitos da seca e conviv\u00eancia com a semiaridez, a Funda\u00e7\u00e3o Cearense de Meteorologia e Recursos H\u00eddricos (Funceme) participou do Semin\u00e1rio Estadual de Atualiza\u00e7\u00e3o do Programa de A\u00e7\u00e3o Brasileiro de Combate \u00e0 Desertifica\u00e7\u00e3o e Mitiga\u00e7\u00e3o dos Efeitos da Seca (PAB).<\/p>\n","protected":false},"author":4,"featured_media":13011,"comment_status":"closed","ping_status":"open","sticky":false,"template":"","format":"standard","meta":[],"categories":[289,15],"tags":[57,80,98,68],"acf":[],"_links":{"self":[{"href":"http:\/\/www.funceme.br\/index.php?rest_route=\/wp\/v2\/posts\/13010"}],"collection":[{"href":"http:\/\/www.funceme.br\/index.php?rest_route=\/wp\/v2\/posts"}],"about":[{"href":"http:\/\/www.funceme.br\/index.php?rest_route=\/wp\/v2\/types\/post"}],"author":[{"embeddable":true,"href":"http:\/\/www.funceme.br\/index.php?rest_route=\/wp\/v2\/users\/4"}],"replies":[{"embeddable":true,"href":"http:\/\/www.funceme.br\/index.php?rest_route=%2Fwp%2Fv2%2Fcomments&post=13010"}],"version-history":[{"count":1,"href":"http:\/\/www.funceme.br\/index.php?rest_route=\/wp\/v2\/posts\/13010\/revisions"}],"predecessor-version":[{"id":13013,"href":"http:\/\/www.funceme.br\/index.php?rest_route=\/wp\/v2\/posts\/13010\/revisions\/13013"}],"wp:featuredmedia":[{"embeddable":true,"href":"http:\/\/www.funceme.br\/index.php?rest_route=\/wp\/v2\/media\/13011"}],"wp:attachment":[{"href":"http:\/\/www.funceme.br\/index.php?rest_route=%2Fwp%2Fv2%2Fmedia&parent=13010"}],"wp:term":[{"taxonomy":"category","embeddable":true,"href":"http:\/\/www.funceme.br\/index.php?rest_route=%2Fwp%2Fv2%2Fcategories&post=13010"},{"taxonomy":"post_tag","embeddable":true,"href":"http:\/\/www.funceme.br\/index.php?rest_route=%2Fwp%2Fv2%2Ftags&post=13010"}],"curies":[{"name":"wp","href":"https:\/\/api.w.org\/{rel}","templated":true}]}}