{"id":13068,"date":"2024-06-11T16:05:44","date_gmt":"2024-06-11T19:05:44","guid":{"rendered":"http:\/\/www.funceme.br\/?p=13068"},"modified":"2024-06-14T11:01:08","modified_gmt":"2024-06-14T14:01:08","slug":"funceme-celebra-dia-mundial-de-combate-a-desertificacao-com-palestras-e-exibicao-de-documentario","status":"publish","type":"post","link":"http:\/\/www.funceme.br\/?p=13068","title":{"rendered":"Funceme celebra Dia Mundial de Combate \u00e0 Desertifica\u00e7\u00e3o com palestras e exibi\u00e7\u00e3o de document\u00e1rio"},"content":{"rendered":"<p>Em celebra\u00e7\u00e3o ao Dia Mundial de Combate \u00e0 Desertifica\u00e7\u00e3o, que ocorre anualmente no dia 17 de junho, a Funda\u00e7\u00e3o Cearense de Meteorologia e Recursos H\u00eddridos (Funceme) realiza um ciclo de palestras com renomados(as) pesquisadores do tema.<\/p>\n<p>Ser\u00e3o ao todo seis palestras realizadas na sede da Funceme, sendo elas ministradas por profissionais da Funceme, UFC e do Instituto de Pesquisa e Desenvolvimento (IRD), da Fran\u00e7a. Para se increver, basta acessar o link <a href=\"https:\/\/forms.gle\/T1fXxZmBFBLJ1ooS9\">https:\/\/forms.gle\/T1fXxZmBFBLJ1ooS9<\/a>.<\/p>\n<p><img decoding=\"async\" loading=\"lazy\" class=\"alignnone size-full wp-image-13069\" src=\"http:\/\/www.funceme.br\/wp-content\/uploads\/2024\/06\/2.png\" alt=\"\" width=\"1080\" height=\"1080\" srcset=\"http:\/\/www.funceme.br\/wp-content\/uploads\/2024\/06\/2.png 1080w, http:\/\/www.funceme.br\/wp-content\/uploads\/2024\/06\/2-600x600.png 600w, http:\/\/www.funceme.br\/wp-content\/uploads\/2024\/06\/2-768x768.png 768w\" sizes=\"(max-width: 1080px) 100vw, 1080px\" \/><\/p>\n<p><strong>Mostra de document\u00e1rio<\/strong><\/p>\n<p>J\u00e1 no dia 18, a Funceme, em parceria com o Museu da Imagem e do Sim (MIS), promove a exibi\u00e7\u00e3o do document\u00e1rio &#8216;Terras Secas &#8211; Um olhar sobre a desertifica\u00e7\u00e3o no Cear\u00e1&#8217;. Este momento ser\u00e1 fechado para convidados.<\/p>\n<p><strong>SERVI\u00c7O<\/strong><\/p>\n<p>Ciclo de Palestras sobre Desertifica\u00e7\u00e3o<br \/>\n? Data: 17\/06<br \/>\n\u23f0 Hor\u00e1rio: A partir das 8h30<br \/>\n? Local: Sede da Funceme, Av. Rui Barbosa, 1246 &#8211; Aldeota<br \/>\n? Inscri\u00e7\u00f5es: https:\/\/forms.gle\/T1fXxZmBFBLJ1ooS9<\/p>\n","protected":false},"excerpt":{"rendered":"<p>Em celebra\u00e7\u00e3o ao Dia Mundial de Combate \u00e0 Desertifica\u00e7\u00e3o, que ocorre anualmente no dia 17 de junho, a Funda\u00e7\u00e3o Cearense de Meteorologia e Recursos H\u00eddridos (Funceme) realiza um ciclo de palestras com renomados(as) pesquisadores do tema.<\/p>\n","protected":false},"author":4,"featured_media":13069,"comment_status":"closed","ping_status":"open","sticky":false,"template":"","format":"standard","meta":[],"categories":[289,15],"tags":[57,98,74],"acf":[],"_links":{"self":[{"href":"http:\/\/www.funceme.br\/index.php?rest_route=\/wp\/v2\/posts\/13068"}],"collection":[{"href":"http:\/\/www.funceme.br\/index.php?rest_route=\/wp\/v2\/posts"}],"about":[{"href":"http:\/\/www.funceme.br\/index.php?rest_route=\/wp\/v2\/types\/post"}],"author":[{"embeddable":true,"href":"http:\/\/www.funceme.br\/index.php?rest_route=\/wp\/v2\/users\/4"}],"replies":[{"embeddable":true,"href":"http:\/\/www.funceme.br\/index.php?rest_route=%2Fwp%2Fv2%2Fcomments&post=13068"}],"version-history":[{"count":1,"href":"http:\/\/www.funceme.br\/index.php?rest_route=\/wp\/v2\/posts\/13068\/revisions"}],"predecessor-version":[{"id":13070,"href":"http:\/\/www.funceme.br\/index.php?rest_route=\/wp\/v2\/posts\/13068\/revisions\/13070"}],"wp:featuredmedia":[{"embeddable":true,"href":"http:\/\/www.funceme.br\/index.php?rest_route=\/wp\/v2\/media\/13069"}],"wp:attachment":[{"href":"http:\/\/www.funceme.br\/index.php?rest_route=%2Fwp%2Fv2%2Fmedia&parent=13068"}],"wp:term":[{"taxonomy":"category","embeddable":true,"href":"http:\/\/www.funceme.br\/index.php?rest_route=%2Fwp%2Fv2%2Fcategories&post=13068"},{"taxonomy":"post_tag","embeddable":true,"href":"http:\/\/www.funceme.br\/index.php?rest_route=%2Fwp%2Fv2%2Ftags&post=13068"}],"curies":[{"name":"wp","href":"https:\/\/api.w.org\/{rel}","templated":true}]}}