{"id":13206,"date":"2024-07-25T13:13:58","date_gmt":"2024-07-25T16:13:58","guid":{"rendered":"http:\/\/www.funceme.br\/?p=13206"},"modified":"2024-07-25T13:13:58","modified_gmt":"2024-07-25T16:13:58","slug":"com-114c-aiuaba-registra-menor-temperatura-da-serie-historica-do-ceara","status":"publish","type":"post","link":"http:\/\/www.funceme.br\/?p=13206","title":{"rendered":"Com 11,4\u00b0C, Aiuaba registra menor temperatura da s\u00e9rie hist\u00f3rica do Cear\u00e1"},"content":{"rendered":"<div id=\"attachment_13207\" style=\"width: 760px\" class=\"wp-caption aligncenter\"><img aria-describedby=\"caption-attachment-13207\" decoding=\"async\" loading=\"lazy\" class=\"wp-image-13207\" src=\"http:\/\/www.funceme.br\/wp-content\/uploads\/2024\/07\/aprece-associacao-dos-municipios-do-estado-do-ceara_aiuba-1.jpg\" alt=\"com inverno, frio fica mais constante (FOTO: Reprodu\u00e7\u00e3o\/Aprece)\" width=\"750\" height=\"422\" srcset=\"http:\/\/www.funceme.br\/wp-content\/uploads\/2024\/07\/aprece-associacao-dos-municipios-do-estado-do-ceara_aiuba-1.jpg 1280w, http:\/\/www.funceme.br\/wp-content\/uploads\/2024\/07\/aprece-associacao-dos-municipios-do-estado-do-ceara_aiuba-1-600x338.jpg 600w, http:\/\/www.funceme.br\/wp-content\/uploads\/2024\/07\/aprece-associacao-dos-municipios-do-estado-do-ceara_aiuba-1-1200x675.jpg 1200w, http:\/\/www.funceme.br\/wp-content\/uploads\/2024\/07\/aprece-associacao-dos-municipios-do-estado-do-ceara_aiuba-1-768x432.jpg 768w\" sizes=\"(max-width: 750px) 100vw, 750px\" \/><p id=\"caption-attachment-13207\" class=\"wp-caption-text\"><em>Com inverno, frio fica mais constante (FOTO: Reprodu\u00e7\u00e3o\/Aprece)<\/em><\/p><\/div>\n<p>O munic\u00edpio de Aiuaba, localizado na macrorregi\u00e3o do Sert\u00e3o Central e Inhamuns, registrou temperatura m\u00ednima recorde de 11,4\u00b0C na manh\u00e3 desta quinta (25).<\/p>\n<p>O dado representa o menor registro da s\u00e9rie hist\u00f3rica da Funda\u00e7\u00e3o Cearense de Meteorologia e Recursos H\u00eddricos (Funceme) considerando os munic\u00edpios monitorados.<\/p>\n<p>Al\u00e9m dos 11,4\u00b0C em Aiuaba, o munic\u00edpio de Parambu, naquela mesma regi\u00e3o, apresentou 12,9\u00b0C, sendo este o 2\u00ba menor dados entre as m\u00ednimas hist\u00f3ricas do estado.<\/p>\n<p>Inverno<\/p>\n<p>Climatologicamente, o m\u00eas de julho no estado do Cear\u00e1 apresenta as menores temperaturas m\u00ednimas (baseado nos mapas de normais climatol\u00f3gica da Funceme e do Instituto Nacional de Meteorologia (Inmet) quando comparado aos demais meses do ano.<\/p>\n<p>Nessa \u00e9poca, as temperaturas mais baixas ocorrem em virtude da menor incid\u00eancia de radia\u00e7\u00e3o solar, uma vez que estamos no inverno do hemisf\u00e9rio sul.<\/p>\n<p>No caso particular desta quinta (25), O deslocamento de uma massa de ar menos aquecida favoreceu o registro dessas temperaturas mais extremas no sul do Cear\u00e1, juntamente aos efeitos locais que contribuem para um maior resfriamento noturno (altitude do relevo, dist\u00e2ncia do oceano e ventos mais fracos).<\/p>\n<p>A Funceme indica tamb\u00e9m que foi observado uma condi\u00e7\u00e3o de madrugada de c\u00e9u limpo nas \u00e1reas onde foram observadas as m\u00ednimas 11,4 e 12,9 em Aiuaba e Parambu, respectivamente. Tal condi\u00e7\u00f5es favorece a dissipa\u00e7\u00e3o do calor.<\/p>\n","protected":false},"excerpt":{"rendered":"<p>O munic\u00edpio de Aiuaba, localizado na macrorregi\u00e3o do Sert\u00e3o Central e Inhamuns, registrou temperatura m\u00ednima recorde de 11,4\u00b0C na manh\u00e3 desta quinta (25). O dado representa o menor registro da s\u00e9rie hist\u00f3rica da Funda\u00e7\u00e3o Cearense de Meteorologia e Recursos H\u00eddricos (Funceme) considerando os munic\u00edpios monitorados. Al\u00e9m dos 11,4\u00b0C em Aiuaba, o munic\u00edpio de Parambu, naquela [&hellip;]<\/p>\n","protected":false},"author":4,"featured_media":13207,"comment_status":"closed","ping_status":"open","sticky":false,"template":"","format":"standard","meta":[],"categories":[81,15],"tags":[551,57,282,596,65],"acf":[],"_links":{"self":[{"href":"http:\/\/www.funceme.br\/index.php?rest_route=\/wp\/v2\/posts\/13206"}],"collection":[{"href":"http:\/\/www.funceme.br\/index.php?rest_route=\/wp\/v2\/posts"}],"about":[{"href":"http:\/\/www.funceme.br\/index.php?rest_route=\/wp\/v2\/types\/post"}],"author":[{"embeddable":true,"href":"http:\/\/www.funceme.br\/index.php?rest_route=\/wp\/v2\/users\/4"}],"replies":[{"embeddable":true,"href":"http:\/\/www.funceme.br\/index.php?rest_route=%2Fwp%2Fv2%2Fcomments&post=13206"}],"version-history":[{"count":1,"href":"http:\/\/www.funceme.br\/index.php?rest_route=\/wp\/v2\/posts\/13206\/revisions"}],"predecessor-version":[{"id":13208,"href":"http:\/\/www.funceme.br\/index.php?rest_route=\/wp\/v2\/posts\/13206\/revisions\/13208"}],"wp:featuredmedia":[{"embeddable":true,"href":"http:\/\/www.funceme.br\/index.php?rest_route=\/wp\/v2\/media\/13207"}],"wp:attachment":[{"href":"http:\/\/www.funceme.br\/index.php?rest_route=%2Fwp%2Fv2%2Fmedia&parent=13206"}],"wp:term":[{"taxonomy":"category","embeddable":true,"href":"http:\/\/www.funceme.br\/index.php?rest_route=%2Fwp%2Fv2%2Fcategories&post=13206"},{"taxonomy":"post_tag","embeddable":true,"href":"http:\/\/www.funceme.br\/index.php?rest_route=%2Fwp%2Fv2%2Ftags&post=13206"}],"curies":[{"name":"wp","href":"https:\/\/api.w.org\/{rel}","templated":true}]}}