{"id":13210,"date":"2024-07-29T14:39:13","date_gmt":"2024-07-29T17:39:13","guid":{"rendered":"http:\/\/www.funceme.br\/?p=13210"},"modified":"2024-07-29T14:39:13","modified_gmt":"2024-07-29T17:39:13","slug":"mapeamento-feito-com-satelites-e-algoritmo-mostra-aumento-da-area-cultivada-em-municipios-do-ceara","status":"publish","type":"post","link":"http:\/\/www.funceme.br\/?p=13210","title":{"rendered":"Mapeamento feito com sat\u00e9lites e algoritmo mostra aumento da \u00e1rea cultivada em munic\u00edpios do Cear\u00e1"},"content":{"rendered":"<p><img decoding=\"async\" loading=\"lazy\" class=\"aligncenter wp-image-13211\" src=\"http:\/\/www.funceme.br\/wp-content\/uploads\/2024\/07\/CULTIVO-2024.png\" alt=\"\" width=\"750\" height=\"531\" srcset=\"http:\/\/www.funceme.br\/wp-content\/uploads\/2024\/07\/CULTIVO-2024.png 1130w, http:\/\/www.funceme.br\/wp-content\/uploads\/2024\/07\/CULTIVO-2024-600x425.png 600w, http:\/\/www.funceme.br\/wp-content\/uploads\/2024\/07\/CULTIVO-2024-768x544.png 768w\" sizes=\"(max-width: 750px) 100vw, 750px\" \/><\/p>\n<p>Um mapeamento realizado por meio de imagens de sat\u00e9lite e aplica\u00e7\u00e3o de algor\u00edtimo elaborado pela Funda\u00e7\u00e3o Cearense de Meteorologia e Recursos H\u00eddricos (Funceme) para classifica\u00e7\u00e3o digital aponta o aumento de cerca de 2,5 mil hectares de \u00e1rea plantada em tr\u00eas munic\u00edpios da macrorregi\u00e3o Jaguaribana entre 2023 e 2024.<\/p>\n<p>Na ocasi\u00e3o, o algor\u00edtimo foi aplicado com uso da plataforma Google Earth Engine, tendo como base imagens geradas pelos sat\u00e9lites Landsat 9 e Sentinel 2 e \u00edndices espectrais. Com este procedimento, a Funceme, atrav\u00e9s da Ger\u00eancia de Meio Ambiente, observou que os munic\u00edpios de Quixer\u00e9, Limoeiro e Tabuleiro do Norte, apresentaram aumento de cerca de 2,5 mil hectares de \u00e1rea cultivada em um ano.<\/p>\n<p>Em julho de 2023 a \u00e1rea cultivada nos tr\u00eas munic\u00edpios do interior do Cear\u00e1 era de 15.811 hectares e, neste m\u00eas, a Funceme observou que, juntos, os tr\u00eas munic\u00edpios somavam 18.384 hectares.<\/p>\n<p>Verifica-se ainda que, no munic\u00edpio de Limoeiro do Norte, a \u00e1rea cultivada passou de 8.898,97 ha em jul\/2023 para 11.008,21 ha em jul\/2024, um acr\u00e9scimo aproximado de 23,70%.<\/p>\n<p>A \u00e1rea escolhida para o projeto piloto se deu por sua import\u00e2ncia econ\u00f4mica. Por\u00e9m, sem defini\u00e7\u00e3o do tipo de cultura realizada.<\/p>\n","protected":false},"excerpt":{"rendered":"<p>Um mapeamento realizado por meio de imagens de sat\u00e9lite e aplica\u00e7\u00e3o de algor\u00edtimo elaborado pela Funda\u00e7\u00e3o Cearense de Meteorologia e Recursos H\u00eddricos (Funceme) para classifica\u00e7\u00e3o digital aponta o aumento de cerca de 2,5 mil hectares de \u00e1rea plantada em tr\u00eas munic\u00edpios da macrorregi\u00e3o Jaguaribana entre 2023 e 2024.<\/p>\n","protected":false},"author":4,"featured_media":13211,"comment_status":"closed","ping_status":"open","sticky":false,"template":"","format":"standard","meta":[],"categories":[289],"tags":[505,57,80,74,78],"acf":[],"_links":{"self":[{"href":"http:\/\/www.funceme.br\/index.php?rest_route=\/wp\/v2\/posts\/13210"}],"collection":[{"href":"http:\/\/www.funceme.br\/index.php?rest_route=\/wp\/v2\/posts"}],"about":[{"href":"http:\/\/www.funceme.br\/index.php?rest_route=\/wp\/v2\/types\/post"}],"author":[{"embeddable":true,"href":"http:\/\/www.funceme.br\/index.php?rest_route=\/wp\/v2\/users\/4"}],"replies":[{"embeddable":true,"href":"http:\/\/www.funceme.br\/index.php?rest_route=%2Fwp%2Fv2%2Fcomments&post=13210"}],"version-history":[{"count":1,"href":"http:\/\/www.funceme.br\/index.php?rest_route=\/wp\/v2\/posts\/13210\/revisions"}],"predecessor-version":[{"id":13212,"href":"http:\/\/www.funceme.br\/index.php?rest_route=\/wp\/v2\/posts\/13210\/revisions\/13212"}],"wp:featuredmedia":[{"embeddable":true,"href":"http:\/\/www.funceme.br\/index.php?rest_route=\/wp\/v2\/media\/13211"}],"wp:attachment":[{"href":"http:\/\/www.funceme.br\/index.php?rest_route=%2Fwp%2Fv2%2Fmedia&parent=13210"}],"wp:term":[{"taxonomy":"category","embeddable":true,"href":"http:\/\/www.funceme.br\/index.php?rest_route=%2Fwp%2Fv2%2Fcategories&post=13210"},{"taxonomy":"post_tag","embeddable":true,"href":"http:\/\/www.funceme.br\/index.php?rest_route=%2Fwp%2Fv2%2Ftags&post=13210"}],"curies":[{"name":"wp","href":"https:\/\/api.w.org\/{rel}","templated":true}]}}