{"id":13214,"date":"2024-07-29T15:30:02","date_gmt":"2024-07-29T18:30:02","guid":{"rendered":"http:\/\/www.funceme.br\/?p=13214"},"modified":"2024-07-29T15:30:02","modified_gmt":"2024-07-29T18:30:02","slug":"ultimos-dias-de-julho-deverao-seguir-com-ceu-claro-ventos-fortes-e-temperatura-mais-amena-pela-manha","status":"publish","type":"post","link":"http:\/\/www.funceme.br\/?p=13214","title":{"rendered":"\u00daltimos dias de julho dever\u00e3o seguir com c\u00e9u claro, ventos fortes e temperatura mais amena pela manh\u00e3"},"content":{"rendered":"<div id=\"attachment_13215\" style=\"width: 761px\" class=\"wp-caption aligncenter\"><img aria-describedby=\"caption-attachment-13215\" decoding=\"async\" loading=\"lazy\" class=\"wp-image-13215\" src=\"http:\/\/www.funceme.br\/wp-content\/uploads\/2024\/07\/WhatsApp-Image-2024-07-29-at-15.27.59-scaled.jpeg\" alt=\"Calor ser\u00e1 maior pela tarde (FOTO: Marciel Bezerra)\" width=\"751\" height=\"563\" srcset=\"http:\/\/www.funceme.br\/wp-content\/uploads\/2024\/07\/WhatsApp-Image-2024-07-29-at-15.27.59-scaled.jpeg 2560w, http:\/\/www.funceme.br\/wp-content\/uploads\/2024\/07\/WhatsApp-Image-2024-07-29-at-15.27.59-600x450.jpeg 600w, http:\/\/www.funceme.br\/wp-content\/uploads\/2024\/07\/WhatsApp-Image-2024-07-29-at-15.27.59-1200x900.jpeg 1200w, http:\/\/www.funceme.br\/wp-content\/uploads\/2024\/07\/WhatsApp-Image-2024-07-29-at-15.27.59-768x576.jpeg 768w, http:\/\/www.funceme.br\/wp-content\/uploads\/2024\/07\/WhatsApp-Image-2024-07-29-at-15.27.59-1536x1152.jpeg 1536w, http:\/\/www.funceme.br\/wp-content\/uploads\/2024\/07\/WhatsApp-Image-2024-07-29-at-15.27.59-2048x1536.jpeg 2048w\" sizes=\"(max-width: 751px) 100vw, 751px\" \/><p id=\"caption-attachment-13215\" class=\"wp-caption-text\">Calor ser\u00e1 maior pela tarde (FOTO: Marciel Bezerra)<\/p><\/div>\n<p style=\"text-align: justify;\">O encerramento do m\u00eas de julho dever\u00e1 manter as condi\u00e7\u00f5es de tempo observadas nos \u00faltimos dias, ou seja, c\u00e9u claro, ventos mais fortes e temperaturas amenas pela manh\u00e3.<\/p>\n<p style=\"text-align: justify;\">Ainda que a estabilidade seja predominante, a Funda\u00e7\u00e3o Cearense de Meteorologia e Recursos H\u00eddricos (Funceme) aponta possibilidade de chuvas isoladas e passageiras entre a noite desta segunda (29) e a madrugada de ter\u00e7a-feira (30) no litoral da macrorregi\u00e3o da Jaguaribana e no Litoral de Fortaleza.<\/p>\n<p style=\"text-align: justify;\">At\u00e9 quarta (31), as temperaturas m\u00ednimas dever\u00e3o apresentar valores mais extremos entre 15\u00b0C e 18\u00b0C nas macrorregi\u00f5es do Cariri, Sert\u00e3o Central e Inhamuns, Maci\u00e7o de Baturit\u00e9 e Ibiapaba. Em rela\u00e7\u00e3o \u00e0s m\u00e1ximas, est\u00e3o previstos valores entre 33\u00b0C e 36\u00b0C na Jaguaribana, no Cariri e no Litoral Norte. Em Fortaleza as temperaturas m\u00ednimas ficam em torno de 24\u00b0C e as m\u00e1ximas em torno de 33\u00b0C.<\/p>\n<p style=\"text-align: justify;\"><strong>Mais<\/strong><\/p>\n<p style=\"text-align: justify;\">Quanto a umidade relativa do ar, a Funceme prev\u00ea valores m\u00ednimos entre 25% e 40% para as tardes de segunda e ter\u00e7a-feira, e entre 18% e 25% na tarde de quarta-feira 31\/07, principalmente para o Cariri, sul da Jaguaribana e Sert\u00e3o Central e Inhamuns.<\/p>\n<p style=\"text-align: justify;\">J\u00e1 em rela\u00e7\u00e3o a velocidade do vento, est\u00e3o previstos valores entre 27km\/h e 36km\/h, principalmente para a faixa litor\u00e2nea e para regi\u00f5es de serra, com rajadas pontuais em torno de 50km\/h.<\/p>\n","protected":false},"excerpt":{"rendered":"<p>O encerramento do m\u00eas de julho dever\u00e1 manter as condi\u00e7\u00f5es de tempo observadas nos \u00faltimos dias, ou seja, c\u00e9u claro, ventos mais fortes e temperaturas amenas pela manh\u00e3.<\/p>\n","protected":false},"author":4,"featured_media":13215,"comment_status":"closed","ping_status":"open","sticky":false,"template":"","format":"standard","meta":[],"categories":[81,15],"tags":[66,282,597,312],"acf":[],"_links":{"self":[{"href":"http:\/\/www.funceme.br\/index.php?rest_route=\/wp\/v2\/posts\/13214"}],"collection":[{"href":"http:\/\/www.funceme.br\/index.php?rest_route=\/wp\/v2\/posts"}],"about":[{"href":"http:\/\/www.funceme.br\/index.php?rest_route=\/wp\/v2\/types\/post"}],"author":[{"embeddable":true,"href":"http:\/\/www.funceme.br\/index.php?rest_route=\/wp\/v2\/users\/4"}],"replies":[{"embeddable":true,"href":"http:\/\/www.funceme.br\/index.php?rest_route=%2Fwp%2Fv2%2Fcomments&post=13214"}],"version-history":[{"count":1,"href":"http:\/\/www.funceme.br\/index.php?rest_route=\/wp\/v2\/posts\/13214\/revisions"}],"predecessor-version":[{"id":13216,"href":"http:\/\/www.funceme.br\/index.php?rest_route=\/wp\/v2\/posts\/13214\/revisions\/13216"}],"wp:featuredmedia":[{"embeddable":true,"href":"http:\/\/www.funceme.br\/index.php?rest_route=\/wp\/v2\/media\/13215"}],"wp:attachment":[{"href":"http:\/\/www.funceme.br\/index.php?rest_route=%2Fwp%2Fv2%2Fmedia&parent=13214"}],"wp:term":[{"taxonomy":"category","embeddable":true,"href":"http:\/\/www.funceme.br\/index.php?rest_route=%2Fwp%2Fv2%2Fcategories&post=13214"},{"taxonomy":"post_tag","embeddable":true,"href":"http:\/\/www.funceme.br\/index.php?rest_route=%2Fwp%2Fv2%2Ftags&post=13214"}],"curies":[{"name":"wp","href":"https:\/\/api.w.org\/{rel}","templated":true}]}}