{"id":13227,"date":"2024-08-05T12:55:11","date_gmt":"2024-08-05T15:55:11","guid":{"rendered":"http:\/\/www.funceme.br\/?p=13227"},"modified":"2024-08-05T13:06:02","modified_gmt":"2024-08-05T16:06:02","slug":"funceme-discute-desenvolvimento-regional-e-a-reducao-de-pobreza-rural-em-evento-na-fiec","status":"publish","type":"post","link":"http:\/\/www.funceme.br\/?p=13227","title":{"rendered":"Funceme discute desenvolvimento regional e a redu\u00e7\u00e3o de pobreza rural em evento na Fiec"},"content":{"rendered":"<p>A Funda\u00e7\u00e3o Cearense de Meteorologia e Recursos H\u00eddricos (Funceme) participa, em dois momentos, do Simp\u00f3sio Ideias e Pr\u00e1ticas de Pedro Sisnando Leite, que discute desenvolvimento regional e a redu\u00e7\u00e3o de pobreza rural no Cear\u00e1.<\/p>\n<p>O evento acontecer\u00e1 nesta ter\u00e7a (6), a partir das 9h, no audit\u00f3rio da Federa\u00e7\u00e3o das Ind\u00fastrias do Estado do Cear\u00e1 (Fiec). A participa\u00e7\u00e3o \u00e9 gratuita, sendo obrigat\u00f3ria a inscri\u00e7\u00e3o por meio <a href=\"https:\/\/docs.google.com\/forms\/d\/e\/1FAIpQLSdKefc6RJ4yQC85bKc904ho7CZD9quqRGJ2dSDu2Euh1KCPzQ\/viewform?usp=sharing\">deste link<\/a>.<\/p>\n<p>O simp\u00f3sio reunir\u00e1 especialistas brasileiros e israelenses que discutir\u00e3o o legado de Pedro Sisnando, uma das maiores autoridades em gest\u00e3o e planejamento voltado ao desenvolvimento agr\u00edcola e redu\u00e7\u00e3o da pobreza rural no Nordeste.<\/p>\n<p>A Funceme estar\u00e1 representada pelo ex-ministro e atual assessor da presid\u00eancia da institui\u00e7\u00e3o, Francisco Teixeira, e pelo presidente, Eduardo S\u00e1vio Martins.<\/p>\n<p>A programa\u00e7\u00e3o contempla tr\u00eas pain\u00e9is distintos, intitulados \u201cAbordagem de pol\u00edticas de desenvolvimento regional\u201d, \u201cProgramas para o aumento da produtividade agr\u00edcola e redu\u00e7\u00e3o da pobreza rural\u201d e \u201cInova\u00e7\u00e3o &#8211; Uma nova abordagem para o desenvolvimento regional com redu\u00e7\u00e3o da desigualdade\u201d.<\/p>\n<p>Confira programa\u00e7\u00e3o:<\/p>\n<p><img decoding=\"async\" loading=\"lazy\" class=\"alignnone wp-image-13229\" src=\"http:\/\/www.funceme.br\/wp-content\/uploads\/2024\/08\/WhatsApp-Image-2024-07-31-at-10.34.13-768x685-1.jpeg\" alt=\"\" width=\"750\" height=\"669\" srcset=\"http:\/\/www.funceme.br\/wp-content\/uploads\/2024\/08\/WhatsApp-Image-2024-07-31-at-10.34.13-768x685-1.jpeg 768w, http:\/\/www.funceme.br\/wp-content\/uploads\/2024\/08\/WhatsApp-Image-2024-07-31-at-10.34.13-768x685-1-600x535.jpeg 600w\" sizes=\"(max-width: 750px) 100vw, 750px\" \/><\/p>\n<p><img decoding=\"async\" loading=\"lazy\" class=\"alignnone wp-image-13228\" src=\"http:\/\/www.funceme.br\/wp-content\/uploads\/2024\/08\/FOLDER_page-0001-721x1024-1.jpg\" alt=\"\" width=\"750\" height=\"1065\" srcset=\"http:\/\/www.funceme.br\/wp-content\/uploads\/2024\/08\/FOLDER_page-0001-721x1024-1.jpg 721w, http:\/\/www.funceme.br\/wp-content\/uploads\/2024\/08\/FOLDER_page-0001-721x1024-1-600x852.jpg 600w\" sizes=\"(max-width: 750px) 100vw, 750px\" \/><\/p>\n<p><img decoding=\"async\" loading=\"lazy\" class=\"alignnone wp-image-13230\" src=\"http:\/\/www.funceme.br\/wp-content\/uploads\/2024\/08\/FOLDER_page-0002-721x1024-1.jpg\" alt=\"\" width=\"750\" height=\"1065\" srcset=\"http:\/\/www.funceme.br\/wp-content\/uploads\/2024\/08\/FOLDER_page-0002-721x1024-1.jpg 721w, http:\/\/www.funceme.br\/wp-content\/uploads\/2024\/08\/FOLDER_page-0002-721x1024-1-600x852.jpg 600w\" sizes=\"(max-width: 750px) 100vw, 750px\" \/><\/p>\n","protected":false},"excerpt":{"rendered":"<p>A Funda\u00e7\u00e3o Cearense de Meteorologia e Recursos H\u00eddricos (Funceme) participa, em dois momentos, do Simp\u00f3sio Ideias e Pr\u00e1ticas de Pedro Sisnando Leite, que discute desenvolvimento regional e a redu\u00e7\u00e3o de pobreza rural no Cear\u00e1. O evento acontecer\u00e1 nesta ter\u00e7a (6), a partir das 9h, no audit\u00f3rio da Federa\u00e7\u00e3o das Ind\u00fastrias do Estado do Cear\u00e1 (Fiec). [&hellip;]<\/p>\n","protected":false},"author":4,"featured_media":0,"comment_status":"closed","ping_status":"open","sticky":false,"template":"","format":"standard","meta":[],"categories":[562,15],"tags":[505,599,600],"acf":[],"_links":{"self":[{"href":"http:\/\/www.funceme.br\/index.php?rest_route=\/wp\/v2\/posts\/13227"}],"collection":[{"href":"http:\/\/www.funceme.br\/index.php?rest_route=\/wp\/v2\/posts"}],"about":[{"href":"http:\/\/www.funceme.br\/index.php?rest_route=\/wp\/v2\/types\/post"}],"author":[{"embeddable":true,"href":"http:\/\/www.funceme.br\/index.php?rest_route=\/wp\/v2\/users\/4"}],"replies":[{"embeddable":true,"href":"http:\/\/www.funceme.br\/index.php?rest_route=%2Fwp%2Fv2%2Fcomments&post=13227"}],"version-history":[{"count":1,"href":"http:\/\/www.funceme.br\/index.php?rest_route=\/wp\/v2\/posts\/13227\/revisions"}],"predecessor-version":[{"id":13231,"href":"http:\/\/www.funceme.br\/index.php?rest_route=\/wp\/v2\/posts\/13227\/revisions\/13231"}],"wp:attachment":[{"href":"http:\/\/www.funceme.br\/index.php?rest_route=%2Fwp%2Fv2%2Fmedia&parent=13227"}],"wp:term":[{"taxonomy":"category","embeddable":true,"href":"http:\/\/www.funceme.br\/index.php?rest_route=%2Fwp%2Fv2%2Fcategories&post=13227"},{"taxonomy":"post_tag","embeddable":true,"href":"http:\/\/www.funceme.br\/index.php?rest_route=%2Fwp%2Fv2%2Ftags&post=13227"}],"curies":[{"name":"wp","href":"https:\/\/api.w.org\/{rel}","templated":true}]}}