{"id":13240,"date":"2024-08-19T10:59:52","date_gmt":"2024-08-19T13:59:52","guid":{"rendered":"http:\/\/www.funceme.br\/?p=13240"},"modified":"2024-08-19T10:59:52","modified_gmt":"2024-08-19T13:59:52","slug":"ceara-deve-apresentar-maximas-de-de-37oc-e-ventos-de-ate-60km-h-ate-quarta-21","status":"publish","type":"post","link":"http:\/\/www.funceme.br\/?p=13240","title":{"rendered":"Cear\u00e1 deve apresentar m\u00e1ximas de de 37\u00baC e ventos de at\u00e9 60km\/h at\u00e9 quarta (21)"},"content":{"rendered":"<div id=\"attachment_13241\" style=\"width: 760px\" class=\"wp-caption aligncenter\"><img aria-describedby=\"caption-attachment-13241\" decoding=\"async\" loading=\"lazy\" class=\"wp-image-13241\" src=\"http:\/\/www.funceme.br\/wp-content\/uploads\/2024\/08\/WhatsApp-Image-2024-08-19-at-10.55.13-scaled.jpeg\" alt=\"Cariri \u00e9 uma das regi\u00f5es com maiores condi\u00e7\u00f5es para picos de calor (FOTO: Marciel Bezerra)\" width=\"750\" height=\"563\" srcset=\"http:\/\/www.funceme.br\/wp-content\/uploads\/2024\/08\/WhatsApp-Image-2024-08-19-at-10.55.13-scaled.jpeg 2560w, http:\/\/www.funceme.br\/wp-content\/uploads\/2024\/08\/WhatsApp-Image-2024-08-19-at-10.55.13-600x450.jpeg 600w, http:\/\/www.funceme.br\/wp-content\/uploads\/2024\/08\/WhatsApp-Image-2024-08-19-at-10.55.13-1200x900.jpeg 1200w, http:\/\/www.funceme.br\/wp-content\/uploads\/2024\/08\/WhatsApp-Image-2024-08-19-at-10.55.13-768x576.jpeg 768w, http:\/\/www.funceme.br\/wp-content\/uploads\/2024\/08\/WhatsApp-Image-2024-08-19-at-10.55.13-1536x1152.jpeg 1536w, http:\/\/www.funceme.br\/wp-content\/uploads\/2024\/08\/WhatsApp-Image-2024-08-19-at-10.55.13-2048x1536.jpeg 2048w\" sizes=\"(max-width: 750px) 100vw, 750px\" \/><p id=\"caption-attachment-13241\" class=\"wp-caption-text\">Cariri \u00e9 uma das regi\u00f5es com maiores condi\u00e7\u00f5es para picos de calor (FOTO: Marciel Bezerra)<\/p><\/div>\n<p style=\"text-align: justify;\">O in\u00edcio desta semana deve ser marcado pela predomin\u00e2ncia de tempo firme em todo o Cear\u00e1, favorecendo condi\u00e7\u00f5es de c\u00e9u claro e temperaturas elevadas, especialmente nas regi\u00f5es sul e noroeste do estado. Por\u00e9m, a Funda\u00e7\u00e3o Cearense de Meteorologia e Recursos H\u00eddricos (Funceme) indica possibilidade de chuva r\u00e1pida e isolada durante a madrugada de ter\u00e7a (20) no Litoral de Fortaleza.<\/p>\n<p style=\"text-align: justify;\">At\u00e9 quarta-feira (21), esperam-se temperaturas m\u00e1ximas em torno de 37\u00b0C em alguns munic\u00edpios do Cariri, Sert\u00e3o Central e Inhamuns e do Litoral Norte. Nas demais regi\u00f5es, os picos dever\u00e3o variar entre 31\u00b0C e 35\u00b0C. Na Regi\u00e3o Metropolitana de Fortaleza (RMF) e capital, as m\u00e1ximas poder\u00e3o chegar a 33\u00b0C, enquanto as m\u00ednimas, em torno de 24\u00b0C.<\/p>\n<p style=\"text-align: justify;\">A Funceme prev\u00ea ainda que, no per\u00edodo da tarde, \u00e9 esperado umidade relativa m\u00ednima entre 20 a 30%, especialmente na por\u00e7\u00e3o centro-sul do estado.<\/p>\n<p style=\"text-align: justify;\">J\u00e1 em rela\u00e7\u00e3o aos ventos, a dire\u00e7\u00e3o predominante ser\u00e1 de leste-sudeste, com rajadas mais intensas na faixa litor\u00e2nea e regi\u00f5es de serra, alcan\u00e7ando valores em torno de 60 km\/h.<\/p>\n","protected":false},"excerpt":{"rendered":"<p>O in\u00edcio desta semana deve ser marcado pela predomin\u00e2ncia de tempo firme em todo o Cear\u00e1, favorecendo condi\u00e7\u00f5es de c\u00e9u claro e temperaturas elevadas, especialmente nas regi\u00f5es sul e noroeste do estado. Por\u00e9m, a Funda\u00e7\u00e3o Cearense de Meteorologia e Recursos H\u00eddricos (Funceme) indica possibilidade de chuva r\u00e1pida e isolada durante a madrugada de ter\u00e7a (20) no Litoral de Fortaleza.<\/p>\n","protected":false},"author":4,"featured_media":13241,"comment_status":"closed","ping_status":"open","sticky":false,"template":"","format":"standard","meta":[],"categories":[81,15],"tags":[317,66,50],"acf":[],"_links":{"self":[{"href":"http:\/\/www.funceme.br\/index.php?rest_route=\/wp\/v2\/posts\/13240"}],"collection":[{"href":"http:\/\/www.funceme.br\/index.php?rest_route=\/wp\/v2\/posts"}],"about":[{"href":"http:\/\/www.funceme.br\/index.php?rest_route=\/wp\/v2\/types\/post"}],"author":[{"embeddable":true,"href":"http:\/\/www.funceme.br\/index.php?rest_route=\/wp\/v2\/users\/4"}],"replies":[{"embeddable":true,"href":"http:\/\/www.funceme.br\/index.php?rest_route=%2Fwp%2Fv2%2Fcomments&post=13240"}],"version-history":[{"count":1,"href":"http:\/\/www.funceme.br\/index.php?rest_route=\/wp\/v2\/posts\/13240\/revisions"}],"predecessor-version":[{"id":13242,"href":"http:\/\/www.funceme.br\/index.php?rest_route=\/wp\/v2\/posts\/13240\/revisions\/13242"}],"wp:featuredmedia":[{"embeddable":true,"href":"http:\/\/www.funceme.br\/index.php?rest_route=\/wp\/v2\/media\/13241"}],"wp:attachment":[{"href":"http:\/\/www.funceme.br\/index.php?rest_route=%2Fwp%2Fv2%2Fmedia&parent=13240"}],"wp:term":[{"taxonomy":"category","embeddable":true,"href":"http:\/\/www.funceme.br\/index.php?rest_route=%2Fwp%2Fv2%2Fcategories&post=13240"},{"taxonomy":"post_tag","embeddable":true,"href":"http:\/\/www.funceme.br\/index.php?rest_route=%2Fwp%2Fv2%2Ftags&post=13240"}],"curies":[{"name":"wp","href":"https:\/\/api.w.org\/{rel}","templated":true}]}}