{"id":13249,"date":"2024-08-26T22:54:47","date_gmt":"2024-08-27T01:54:47","guid":{"rendered":"http:\/\/www.funceme.br\/?p=13249"},"modified":"2024-08-26T22:54:47","modified_gmt":"2024-08-27T01:54:47","slug":"agosto-finaliza-com-previsao-de-picos-de-38oc-e-ventos-de-ate-65-km-h-veja-detalhes","status":"publish","type":"post","link":"http:\/\/www.funceme.br\/?p=13249","title":{"rendered":"Agosto finaliza com previs\u00e3o de picos de 38\u00baC e ventos de at\u00e9 65 km\/h; veja detalhes"},"content":{"rendered":"<div id=\"attachment_13250\" style=\"width: 760px\" class=\"wp-caption aligncenter\"><img aria-describedby=\"caption-attachment-13250\" decoding=\"async\" loading=\"lazy\" class=\"wp-image-13250\" src=\"http:\/\/www.funceme.br\/wp-content\/uploads\/2024\/08\/WhatsApp-Image-2024-08-26-at-09.09.57.jpeg\" alt=\"Considerando que a umidade relativa do ar \u00e9 inversamente proporcional \u00e0s altas temperaturas, as taxas dever\u00e3o seguir preocupantes no interior. (FOTO: Marciel Bezerra)\" width=\"750\" height=\"563\" srcset=\"http:\/\/www.funceme.br\/wp-content\/uploads\/2024\/08\/WhatsApp-Image-2024-08-26-at-09.09.57.jpeg 750w, http:\/\/www.funceme.br\/wp-content\/uploads\/2024\/08\/WhatsApp-Image-2024-08-26-at-09.09.57-600x450.jpeg 600w\" sizes=\"(max-width: 750px) 100vw, 750px\" \/><p id=\"caption-attachment-13250\" class=\"wp-caption-text\"><span style=\"color: #6b6b6b;\"><em>Considerando que a umidade relativa do ar \u00e9 inversamente proporcional \u00e0s altas temperaturas, as taxas dever\u00e3o seguir preocupantes no interior. (FOTO: Marciel Bezerra)<\/em><\/span><\/p><\/div>\n<p style=\"text-align: justify;\">O Cear\u00e1 deve manter o predom\u00ednio de condi\u00e7\u00f5es est\u00e1veis at\u00e9 a pr\u00f3xima quarta-feira (28), conforme previs\u00e3o da Funda\u00e7\u00e3o Cearense de Meteorologia e Recursos H\u00eddricos (Funceme).<\/p>\n<p style=\"text-align: justify;\">O atual cen\u00e1rio, t\u00edpico desta \u00e9poca no estado, aponta para c\u00e9u sem nuvens em todas as macrorregi\u00f5es. Diante disto, espera-se que as temperaturas m\u00e1ximas alcancem valores entre 36\u00b0C e 38\u00b0C, principalmente em alguns munic\u00edpios do Cariri, Sert\u00e3o Central e Inhamuns e do Litoral Norte. No caso de Fortaleza e Regi\u00e3o Metropolitana, os picos poder\u00e3o chegar aos 33\u00baC.<\/p>\n<p style=\"text-align: justify;\">Considerando que a umidade relativa do ar \u00e9 inversamente proporcional \u00e0s altas temperaturas, as taxas dever\u00e3o seguir preocupantes no interior. A Funceme espera valores entre 20 e 30% durante as tardes dos pr\u00f3ximos dias.<\/p>\n<p style=\"text-align: justify;\"><strong>Ventos fortes<\/strong><\/p>\n<p style=\"text-align: justify;\">Em rela\u00e7\u00e3o aos ventos, a dire\u00e7\u00e3o predominante \u00e9 de sudeste, com rajadas pontuais, sendo as mais intensas esperadas para a faixa litor\u00e2nea e regi\u00f5es de serra, alcan\u00e7ando valores de at\u00e9 65 km\/h.<\/p>\n","protected":false},"excerpt":{"rendered":"<p>O Cear\u00e1 deve manter o predom\u00ednio de condi\u00e7\u00f5es est\u00e1veis at\u00e9 a pr\u00f3xima quarta-feira (28), conforme previs\u00e3o da Funda\u00e7\u00e3o Cearense de Meteorologia e Recursos H\u00eddricos (Funceme).<\/p>\n","protected":false},"author":4,"featured_media":13250,"comment_status":"closed","ping_status":"open","sticky":false,"template":"","format":"standard","meta":[],"categories":[81,15],"tags":[314,67,66,57,49,312],"acf":[],"_links":{"self":[{"href":"http:\/\/www.funceme.br\/index.php?rest_route=\/wp\/v2\/posts\/13249"}],"collection":[{"href":"http:\/\/www.funceme.br\/index.php?rest_route=\/wp\/v2\/posts"}],"about":[{"href":"http:\/\/www.funceme.br\/index.php?rest_route=\/wp\/v2\/types\/post"}],"author":[{"embeddable":true,"href":"http:\/\/www.funceme.br\/index.php?rest_route=\/wp\/v2\/users\/4"}],"replies":[{"embeddable":true,"href":"http:\/\/www.funceme.br\/index.php?rest_route=%2Fwp%2Fv2%2Fcomments&post=13249"}],"version-history":[{"count":1,"href":"http:\/\/www.funceme.br\/index.php?rest_route=\/wp\/v2\/posts\/13249\/revisions"}],"predecessor-version":[{"id":13251,"href":"http:\/\/www.funceme.br\/index.php?rest_route=\/wp\/v2\/posts\/13249\/revisions\/13251"}],"wp:featuredmedia":[{"embeddable":true,"href":"http:\/\/www.funceme.br\/index.php?rest_route=\/wp\/v2\/media\/13250"}],"wp:attachment":[{"href":"http:\/\/www.funceme.br\/index.php?rest_route=%2Fwp%2Fv2%2Fmedia&parent=13249"}],"wp:term":[{"taxonomy":"category","embeddable":true,"href":"http:\/\/www.funceme.br\/index.php?rest_route=%2Fwp%2Fv2%2Fcategories&post=13249"},{"taxonomy":"post_tag","embeddable":true,"href":"http:\/\/www.funceme.br\/index.php?rest_route=%2Fwp%2Fv2%2Ftags&post=13249"}],"curies":[{"name":"wp","href":"https:\/\/api.w.org\/{rel}","templated":true}]}}