{"id":13253,"date":"2024-08-29T10:33:34","date_gmt":"2024-08-29T13:33:34","guid":{"rendered":"http:\/\/www.funceme.br\/?p=13253"},"modified":"2024-08-29T10:35:02","modified_gmt":"2024-08-29T13:35:02","slug":"ceara-tem-previsao-de-rajadas-de-vento-entre-60-e-70-km-h-ate-sexta-30","status":"publish","type":"post","link":"http:\/\/www.funceme.br\/?p=13253","title":{"rendered":"Cear\u00e1 tem previs\u00e3o de rajadas de vento entre 60 e 70 km\/h at\u00e9 sexta (30)"},"content":{"rendered":"<div id=\"attachment_13254\" style=\"width: 760px\" class=\"wp-caption alignnone\"><img aria-describedby=\"caption-attachment-13254\" decoding=\"async\" loading=\"lazy\" class=\"wp-image-13254\" src=\"http:\/\/www.funceme.br\/wp-content\/uploads\/2024\/08\/WhatsApp-Image-2024-08-29-at-10.02.29-1-e1724938329680.jpeg\" alt=\"A previs\u00e3o do tempo aponta ainda c\u00e9u variando de parcialmente nublado a sem nuvens em todas as macrorregi\u00f5es do estado. (FOTO: Rebeca Pinheiro)\" width=\"750\" height=\"618\" srcset=\"http:\/\/www.funceme.br\/wp-content\/uploads\/2024\/08\/WhatsApp-Image-2024-08-29-at-10.02.29-1-e1724938329680.jpeg 1200w, http:\/\/www.funceme.br\/wp-content\/uploads\/2024\/08\/WhatsApp-Image-2024-08-29-at-10.02.29-1-e1724938329680-600x494.jpeg 600w, http:\/\/www.funceme.br\/wp-content\/uploads\/2024\/08\/WhatsApp-Image-2024-08-29-at-10.02.29-1-e1724938329680-768x632.jpeg 768w\" sizes=\"(max-width: 750px) 100vw, 750px\" \/><p id=\"caption-attachment-13254\" class=\"wp-caption-text\"><span style=\"color: #6b6b6b;\"><em>A previs\u00e3o do tempo aponta ainda c\u00e9u variando de parcialmente nublado a sem nuvens em todas as macrorregi\u00f5es do estado. (FOTO: Rebeca Pinheiro)<\/em><\/span><\/p><\/div>\n<p style=\"text-align: justify;\">O Cear\u00e1 apresenta condi\u00e7\u00f5es de tempo para rajadas de at\u00e9 70 km\/h at\u00e9 esta sexta-feira (30), conforme previs\u00e3o da Funda\u00e7\u00e3o Cearense de Meteorologia e Recursos H\u00eddricos (Funceme).<\/p>\n<p style=\"text-align: justify;\">A dire\u00e7\u00e3o predominante dos ventos \u00e9 de sudeste, sendo as maiores rajadas esperadas para a faixa litor\u00e2nea, sul do estado e nas regi\u00f5es de serra.<\/p>\n<p style=\"text-align: justify;\">A Marinha, inclusive, emitiu aviso de mau tempo para vento forte. Ela recomenda que as embarca\u00e7\u00f5es de pequeno porte evitem navegar e que as demais redobrem a aten\u00e7\u00e3o quanto ao material de salvamento, estado geral dos motores e casco, al\u00e9m de equipamentos de r\u00e1dio e outros itens de seguran\u00e7a.<\/p>\n<p style=\"text-align: justify;\"><strong>Mais sobre o tempo<\/strong><\/p>\n<p style=\"text-align: justify;\">A previs\u00e3o do tempo aponta ainda c\u00e9u variando de parcialmente nublado a sem nuvens em todas as macrorregi\u00f5es do estado.<\/p>\n<p style=\"text-align: justify;\">Para os pr\u00f3ximos dias, espera-se que as temperaturas m\u00e1ximas alcancem valores entre 35\u00b0C e 37\u00b0C em alguns munic\u00edpios do Cariri, Sert\u00e3o Central e Inhamuns, Jaguaribana e do Litoral Norte. Nas demais, os picos dever\u00e3o variar entre 32\u00b0C e 35\u00b0C.<\/p>\n<p style=\"text-align: justify;\">Quanto \u00e0s m\u00ednimas, s\u00e3o previstos valores entre 15\u00b0C e 19\u00b0C para as macrorregi\u00f5es do Cariri, do Sert\u00e3o Central e Inhamuns, do Maci\u00e7o de Baturit\u00e9 e da Ibiapaba. Na Regi\u00e3o Metropolitana de Fortaleza (RMF), as temperaturas devem variar de 24\u00b0C a\u00a033\u00b0C.<\/p>\n<p style=\"text-align: justify;\">A umidade relativa dever\u00e1 ter valores entre 15% e 30% no interior do estado, especialmente no centro-sul.<\/p>\n","protected":false},"excerpt":{"rendered":"<p>O Cear\u00e1 apresenta condi\u00e7\u00f5es de tempo para rajadas de at\u00e9 70 km\/h at\u00e9 esta sexta-feira (30), conforme previs\u00e3o da Funda\u00e7\u00e3o Cearense de Meteorologia e Recursos H\u00eddricos (Funceme).<\/p>\n","protected":false},"author":4,"featured_media":13254,"comment_status":"closed","ping_status":"open","sticky":false,"template":"","format":"standard","meta":[],"categories":[81],"tags":[66,57,49,312],"acf":[],"_links":{"self":[{"href":"http:\/\/www.funceme.br\/index.php?rest_route=\/wp\/v2\/posts\/13253"}],"collection":[{"href":"http:\/\/www.funceme.br\/index.php?rest_route=\/wp\/v2\/posts"}],"about":[{"href":"http:\/\/www.funceme.br\/index.php?rest_route=\/wp\/v2\/types\/post"}],"author":[{"embeddable":true,"href":"http:\/\/www.funceme.br\/index.php?rest_route=\/wp\/v2\/users\/4"}],"replies":[{"embeddable":true,"href":"http:\/\/www.funceme.br\/index.php?rest_route=%2Fwp%2Fv2%2Fcomments&post=13253"}],"version-history":[{"count":2,"href":"http:\/\/www.funceme.br\/index.php?rest_route=\/wp\/v2\/posts\/13253\/revisions"}],"predecessor-version":[{"id":13257,"href":"http:\/\/www.funceme.br\/index.php?rest_route=\/wp\/v2\/posts\/13253\/revisions\/13257"}],"wp:featuredmedia":[{"embeddable":true,"href":"http:\/\/www.funceme.br\/index.php?rest_route=\/wp\/v2\/media\/13254"}],"wp:attachment":[{"href":"http:\/\/www.funceme.br\/index.php?rest_route=%2Fwp%2Fv2%2Fmedia&parent=13253"}],"wp:term":[{"taxonomy":"category","embeddable":true,"href":"http:\/\/www.funceme.br\/index.php?rest_route=%2Fwp%2Fv2%2Fcategories&post=13253"},{"taxonomy":"post_tag","embeddable":true,"href":"http:\/\/www.funceme.br\/index.php?rest_route=%2Fwp%2Fv2%2Ftags&post=13253"}],"curies":[{"name":"wp","href":"https:\/\/api.w.org\/{rel}","templated":true}]}}