{"id":13355,"date":"2024-10-17T10:52:49","date_gmt":"2024-10-17T13:52:49","guid":{"rendered":"http:\/\/www.funceme.br\/?p=13355"},"modified":"2024-10-17T10:52:49","modified_gmt":"2024-10-17T13:52:49","slug":"funceme-vai-representar-o-ceara-em-comite-cientifico-do-consorcio-nordeste","status":"publish","type":"post","link":"http:\/\/www.funceme.br\/?p=13355","title":{"rendered":"Funceme vai representar o Cear\u00e1 em Comit\u00ea Cient\u00edfico do Cons\u00f3rcio Nordeste"},"content":{"rendered":"<p>A Funda\u00e7\u00e3o Cearense de Meteorologia e Recursos H\u00eddricos (Funceme) vai integrar o Comit\u00ea Cient\u00edfico de Monitoramento e Enfrentamento das Emerg\u00eancias Clim\u00e1ticas (CC-MEEC), do Cons\u00f3rcio Nordeste, que ser\u00e1 instalado nesta quinta-feira (17), em Bras\u00edlia.<\/p>\n<p>O objetivo do Comit\u00ea \u00e9 monitorar e enfrentar situa\u00e7\u00f5es de emerg\u00eancia clim\u00e1tica nos nove estados nordestinos que o comp\u00f5em. A expectativa \u00e9 a de viabilizar assessoramento t\u00e9cnico especializado a seus nove estados-membros, al\u00e9m de promover coopera\u00e7\u00f5es e estruturar pol\u00edticas p\u00fablicas que fortale\u00e7am a resili\u00eancia clim\u00e1tica do Nordeste.<\/p>\n<p>O CC-MEEC ser\u00e1 composto por dois representantes de cada estado, visando a uma atua\u00e7\u00e3o conjunta para o enfrentamento dos desafios clim\u00e1ticos cada vez mais presentes no cotidiano desta e de outras regi\u00f5es do pa\u00eds. No caso do Cear\u00e1, os representantes ser\u00e3o o presidente da Funceme, Eduardo S\u00e1vio Martins; e o pesquisador da institui\u00e7\u00e3o, Francisco das Chagas Vasconcelos J\u00fanior.<\/p>\n<p>Emerg\u00eancias clim\u00e1ticas<\/p>\n<p>Por meio de nota, o cons\u00f3rcio informou que a \u201ca iniciativa reflete a preocupa\u00e7\u00e3o dos governadores e governadoras da regi\u00e3o com o atual cen\u00e1rio de emerg\u00eancias clim\u00e1ticas e refor\u00e7a a abordagem cient\u00edfica em quest\u00f5es essenciais para o pa\u00eds, como j\u00e1 foi demonstrado no combate \u00e0 pandemia\u201d,<\/p>\n<p>\u201cEstudo do Programa das Na\u00e7\u00f5es Unidas para o Desenvolvimento (PNUD) mostra que se o Brasil tivesse seguido as diretrizes do Comit\u00ea Cient\u00edfico do Nordeste que foram aplicadas pelos governadores da regi\u00e3o em seus estados, 250 mil vidas poderiam ter sido salvas, evidenciando o impacto positivo da ci\u00eancia na preserva\u00e7\u00e3o de vidas\u201d, acrescenta o texto.<\/p>\n<p>O comit\u00ea ser\u00e1 coordenado pela ge\u00f3loga e professora titular da Universidade Federal da Bahia (UFBA) Ol\u00edvia Maria Cordeiro de Oliveira.<\/p>\n","protected":false},"excerpt":{"rendered":"<p>A Funda\u00e7\u00e3o Cearense de Meteorologia e Recursos H\u00eddricos (Funceme) vai integrar o Comit\u00ea Cient\u00edfico de Monitoramento e Enfrentamento das Emerg\u00eancias Clim\u00e1ticas (CC-MEEC), do Cons\u00f3rcio Nordeste, que ser\u00e1 instalado nesta quinta-feira (17), em Bras\u00edlia.<\/p>\n","protected":false},"author":4,"featured_media":0,"comment_status":"closed","ping_status":"open","sticky":false,"template":"","format":"standard","meta":[],"categories":[562,15],"tags":[57,80,604,100,605,68],"acf":[],"_links":{"self":[{"href":"http:\/\/www.funceme.br\/index.php?rest_route=\/wp\/v2\/posts\/13355"}],"collection":[{"href":"http:\/\/www.funceme.br\/index.php?rest_route=\/wp\/v2\/posts"}],"about":[{"href":"http:\/\/www.funceme.br\/index.php?rest_route=\/wp\/v2\/types\/post"}],"author":[{"embeddable":true,"href":"http:\/\/www.funceme.br\/index.php?rest_route=\/wp\/v2\/users\/4"}],"replies":[{"embeddable":true,"href":"http:\/\/www.funceme.br\/index.php?rest_route=%2Fwp%2Fv2%2Fcomments&post=13355"}],"version-history":[{"count":1,"href":"http:\/\/www.funceme.br\/index.php?rest_route=\/wp\/v2\/posts\/13355\/revisions"}],"predecessor-version":[{"id":13356,"href":"http:\/\/www.funceme.br\/index.php?rest_route=\/wp\/v2\/posts\/13355\/revisions\/13356"}],"wp:attachment":[{"href":"http:\/\/www.funceme.br\/index.php?rest_route=%2Fwp%2Fv2%2Fmedia&parent=13355"}],"wp:term":[{"taxonomy":"category","embeddable":true,"href":"http:\/\/www.funceme.br\/index.php?rest_route=%2Fwp%2Fv2%2Fcategories&post=13355"},{"taxonomy":"post_tag","embeddable":true,"href":"http:\/\/www.funceme.br\/index.php?rest_route=%2Fwp%2Fv2%2Ftags&post=13355"}],"curies":[{"name":"wp","href":"https:\/\/api.w.org\/{rel}","templated":true}]}}