{"id":13503,"date":"2024-12-09T14:12:14","date_gmt":"2024-12-09T17:12:14","guid":{"rendered":"http:\/\/www.funceme.br\/?p=13503"},"modified":"2024-12-09T14:12:14","modified_gmt":"2024-12-09T17:12:14","slug":"novo-levantamento-de-solos-do-ceara-e-lancado-em-e-book-e-aplicativo","status":"publish","type":"post","link":"http:\/\/www.funceme.br\/?p=13503","title":{"rendered":"Novo levantamento de solos do Cear\u00e1 \u00e9 lan\u00e7ado em e-book e aplicativo"},"content":{"rendered":"<div id=\"attachment_13504\" style=\"width: 760px\" class=\"wp-caption aligncenter\"><img aria-describedby=\"caption-attachment-13504\" decoding=\"async\" loading=\"lazy\" class=\"wp-image-13504\" src=\"http:\/\/www.funceme.br\/wp-content\/uploads\/2024\/12\/MG_1752.jpg\" alt=\"Lan\u00e7amento contou com a presen\u00e7a de gestores, pesquisadores e convidados da sociedade civil (FOTO: SDA)\" width=\"750\" height=\"500\" srcset=\"http:\/\/www.funceme.br\/wp-content\/uploads\/2024\/12\/MG_1752.jpg 2500w, http:\/\/www.funceme.br\/wp-content\/uploads\/2024\/12\/MG_1752-600x400.jpg 600w, http:\/\/www.funceme.br\/wp-content\/uploads\/2024\/12\/MG_1752-1200x800.jpg 1200w, http:\/\/www.funceme.br\/wp-content\/uploads\/2024\/12\/MG_1752-768x512.jpg 768w, http:\/\/www.funceme.br\/wp-content\/uploads\/2024\/12\/MG_1752-1536x1024.jpg 1536w, http:\/\/www.funceme.br\/wp-content\/uploads\/2024\/12\/MG_1752-2048x1366.jpg 2048w\" sizes=\"(max-width: 750px) 100vw, 750px\" \/><p id=\"caption-attachment-13504\" class=\"wp-caption-text\"><span style=\"color: #6b6b6b;\"><em>Lan\u00e7amento contou com a presen\u00e7a de gestores, pesquisadores e convidados da sociedade civil (FOTO: SDA)<\/em><\/span><\/p><\/div>\n<p style=\"text-align: justify;\">A Secretaria do Desenvolvimento Agr\u00e1rio do Cear\u00e1 (SDA), por meio do Projeto S\u00e3o Jos\u00e9, realizou, nos dias 5 e 6 de dezembro, a segunda edi\u00e7\u00e3o da Feira Sabores e Saberes. A programa\u00e7\u00e3o contou ainda com o I Semin\u00e1rio de Estudos de Solos do Cear\u00e1, realizado em parceria com a Funda\u00e7\u00e3o Cearense de Meteorologia e Recursos H\u00eddricos (Funceme).<\/p>\n<p style=\"text-align: justify;\">Durante o evento, a Funceme lan\u00e7ou o <a href=\"http:\/\/www.funceme.br\/wp-content\/uploads\/2024\/11\/LIVRO-LEVANTAMENTO-DE-SOLOS-FUNCEME.pdf\"><strong>estudo in\u00e9dito sobre os solos do estado<\/strong><\/a>. A pesquisa traz um mapeamento detalhado dos tipos de solos presentes em diversas regi\u00f5es cearenses, suas caracter\u00edsticas f\u00edsicas e qu\u00edmicas, al\u00e9m de orienta\u00e7\u00f5es sobre seu uso sustent\u00e1vel.<\/p>\n<p style=\"text-align: justify;\">O material, que coloca o estado como um dos poucos com tais informa\u00e7\u00f5es, est\u00e1 dispon\u00edvel como e-book gratuito para facilitar o acesso a estudantes, pesquisadores e gestores p\u00fablicos.<\/p>\n<p style=\"text-align: justify;\">Al\u00e9m disso, foi desenvolvido um aplicativo para dispositivos m\u00f3veis, que permite consulta r\u00e1pida \u00e0s informa\u00e7\u00f5es georreferenciadas e interativas, proporcionando uma experi\u00eancia pr\u00e1tica e acess\u00edvel.<\/p>\n<div id=\"attachment_13506\" style=\"width: 760px\" class=\"wp-caption aligncenter\"><img aria-describedby=\"caption-attachment-13506\" decoding=\"async\" loading=\"lazy\" class=\"wp-image-13506\" src=\"http:\/\/www.funceme.br\/wp-content\/uploads\/2024\/12\/MG_1648.jpg\" alt=\"Durante o evento, foram apresentados mon\u00f3litos (FOTO: SDA)\" width=\"750\" height=\"500\" srcset=\"http:\/\/www.funceme.br\/wp-content\/uploads\/2024\/12\/MG_1648.jpg 2500w, http:\/\/www.funceme.br\/wp-content\/uploads\/2024\/12\/MG_1648-600x400.jpg 600w, http:\/\/www.funceme.br\/wp-content\/uploads\/2024\/12\/MG_1648-1200x800.jpg 1200w, http:\/\/www.funceme.br\/wp-content\/uploads\/2024\/12\/MG_1648-768x512.jpg 768w, http:\/\/www.funceme.br\/wp-content\/uploads\/2024\/12\/MG_1648-1536x1024.jpg 1536w, http:\/\/www.funceme.br\/wp-content\/uploads\/2024\/12\/MG_1648-2048x1366.jpg 2048w\" sizes=\"(max-width: 750px) 100vw, 750px\" \/><p id=\"caption-attachment-13506\" class=\"wp-caption-text\"><span style=\"color: #6b6b6b;\"><em>Durante o evento, foram apresentados mon\u00f3litos (FOTO: SDA)<\/em><\/span><\/p><\/div>\n<p style=\"text-align: justify;\">Com a iniciativa, espera-se contribuir para um planejamento mais eficiente do uso da terra, com foco em pr\u00e1ticas agr\u00edcolas mais sustent\u00e1veis, conserva\u00e7\u00e3o ambiental e mitiga\u00e7\u00e3o dos impactos das mudan\u00e7as clim\u00e1ticas.<\/p>\n<p style=\"text-align: justify;\">O lan\u00e7amento oficial contou com apresenta\u00e7\u00e3o dos detalhes t\u00e9cnicos do estudo e uma demonstra\u00e7\u00e3o pr\u00e1tica do app. O material j\u00e1 est\u00e1 dispon\u00edvel para download nas plataformas <a href=\"https:\/\/play.google.com\/store\/apps\/details?id=br.funceme.solos\"><strong>Android<\/strong><\/a> e <strong><a href=\"https:\/\/apps.apple.com\/app\/solos-cear%C3%A1\/id6738799020\">iOs<\/a><\/strong>.<\/p>\n<p style=\"text-align: justify;\">No app Solos+Cear\u00e1, \u00e9 obss\u00edvel ter acesso a mapas interativos, assim como informa\u00e7\u00f5es precisas sobre tipos de solo ao inserir coordenadas. O usu\u00e1rio pode ainda favoritar pontos marcando e salvendo locais importantes diretamente no mapa.<\/p>\n<p style=\"text-align: justify;\">Essa a\u00e7\u00e3o da Funda\u00e7\u00e3o Cearense de Meteorologia e Recursos H\u00eddricos (Funceme) refor\u00e7a o compromisso com a gera\u00e7\u00e3o de conhecimento e o desenvolvimento sustent\u00e1vel no estado.<\/p>\n<p style=\"text-align: justify;\">&#8220;O Cear\u00e1 \u00e9 um estado muito grande e ainda com uma riqueza de solos, assim, este estudo foi desafiador. Considerando ainda que, ao longo dos \u00faltimos anos, a academia vem modernizando as classifica\u00e7\u00f5es, o que fez com que a Funceme aumentasse a aten\u00e7\u00e3o para os detalhes do levantamento que, agora depois de lan\u00e7ado oficialmente, vai ajudar na tomada de decis\u00e3o dos gestores, guiar o homem e a mulher do campo, al\u00e9m de contribuir para discuss\u00f5es cient\u00edficas&#8221;, comenta o pesquisador da Funceme, Rafael Cipriano.<\/p>\n","protected":false},"excerpt":{"rendered":"<p>A Secretaria do Desenvolvimento Agr\u00e1rio do Cear\u00e1 (SDA), por meio do Projeto S\u00e3o Jos\u00e9, realizou, nos dias 5 e 6 de dezembro, a segunda edi\u00e7\u00e3o da Feira Sabores e Saberes. A programa\u00e7\u00e3o contou ainda com o I Semin\u00e1rio de Estudos de Solos do Cear\u00e1, realizado em parceria com a Funda\u00e7\u00e3o Cearense de Meteorologia e Recursos H\u00eddricos (Funceme).<\/p>\n","protected":false},"author":4,"featured_media":13504,"comment_status":"closed","ping_status":"open","sticky":false,"template":"","format":"standard","meta":[],"categories":[562,15],"tags":[57,301,60],"acf":[],"_links":{"self":[{"href":"http:\/\/www.funceme.br\/index.php?rest_route=\/wp\/v2\/posts\/13503"}],"collection":[{"href":"http:\/\/www.funceme.br\/index.php?rest_route=\/wp\/v2\/posts"}],"about":[{"href":"http:\/\/www.funceme.br\/index.php?rest_route=\/wp\/v2\/types\/post"}],"author":[{"embeddable":true,"href":"http:\/\/www.funceme.br\/index.php?rest_route=\/wp\/v2\/users\/4"}],"replies":[{"embeddable":true,"href":"http:\/\/www.funceme.br\/index.php?rest_route=%2Fwp%2Fv2%2Fcomments&post=13503"}],"version-history":[{"count":1,"href":"http:\/\/www.funceme.br\/index.php?rest_route=\/wp\/v2\/posts\/13503\/revisions"}],"predecessor-version":[{"id":13507,"href":"http:\/\/www.funceme.br\/index.php?rest_route=\/wp\/v2\/posts\/13503\/revisions\/13507"}],"wp:featuredmedia":[{"embeddable":true,"href":"http:\/\/www.funceme.br\/index.php?rest_route=\/wp\/v2\/media\/13504"}],"wp:attachment":[{"href":"http:\/\/www.funceme.br\/index.php?rest_route=%2Fwp%2Fv2%2Fmedia&parent=13503"}],"wp:term":[{"taxonomy":"category","embeddable":true,"href":"http:\/\/www.funceme.br\/index.php?rest_route=%2Fwp%2Fv2%2Fcategories&post=13503"},{"taxonomy":"post_tag","embeddable":true,"href":"http:\/\/www.funceme.br\/index.php?rest_route=%2Fwp%2Fv2%2Ftags&post=13503"}],"curies":[{"name":"wp","href":"https:\/\/api.w.org\/{rel}","templated":true}]}}