{"id":13510,"date":"2024-12-09T17:57:34","date_gmt":"2024-12-09T20:57:34","guid":{"rendered":"http:\/\/www.funceme.br\/?p=13510"},"modified":"2024-12-09T18:00:03","modified_gmt":"2024-12-09T21:00:03","slug":"funceme-participa-os-desafios-globais-da-desertificacao-e-do-desmatamento-em-evento-na-arabia-saudita","status":"publish","type":"post","link":"http:\/\/www.funceme.br\/?p=13510","title":{"rendered":"Funceme discute os desafios globais da desertifica\u00e7\u00e3o e do desmatamento em evento na Ar\u00e1bia Saudita"},"content":{"rendered":"<div id=\"attachment_13511\" style=\"width: 760px\" class=\"wp-caption alignnone\"><img aria-describedby=\"caption-attachment-13511\" decoding=\"async\" loading=\"lazy\" class=\"wp-image-13511\" src=\"http:\/\/www.funceme.br\/wp-content\/uploads\/2024\/12\/WhatsApp-Image-2024-12-09-at-17.20.38.jpeg\" alt=\"Coincidindo com o 30\u00ba anivers\u00e1rio da UNCCD, a COP16 \u00e9 a maior confer\u00eancia da ONU sobre terras at\u00e9 o momento (FOTO: Secitece)\" width=\"750\" height=\"563\" srcset=\"http:\/\/www.funceme.br\/wp-content\/uploads\/2024\/12\/WhatsApp-Image-2024-12-09-at-17.20.38.jpeg 1280w, http:\/\/www.funceme.br\/wp-content\/uploads\/2024\/12\/WhatsApp-Image-2024-12-09-at-17.20.38-600x450.jpeg 600w, http:\/\/www.funceme.br\/wp-content\/uploads\/2024\/12\/WhatsApp-Image-2024-12-09-at-17.20.38-1200x900.jpeg 1200w, http:\/\/www.funceme.br\/wp-content\/uploads\/2024\/12\/WhatsApp-Image-2024-12-09-at-17.20.38-768x576.jpeg 768w\" sizes=\"(max-width: 750px) 100vw, 750px\" \/><p id=\"caption-attachment-13511\" class=\"wp-caption-text\"><span style=\"color: #6b6b6b;\"><em>Coincidindo com o 30\u00ba anivers\u00e1rio da UNCCD, a COP16 \u00e9 a maior confer\u00eancia da ONU sobre terras at\u00e9 o momento (FOTO: Secitece)<\/em><\/span><\/p><\/div>\n<p style=\"text-align: justify;\">A Funda\u00e7\u00e3o Cearense de Meteorologia e Recursos H\u00eddricos (Funceme) est\u00e1 participando da Confer\u00eancia das Partes da Conven\u00e7\u00e3o das Na\u00e7\u00f5es Unidas para Combater a Desertifica\u00e7\u00e3o (COP16), em Riad, na Ar\u00e1bia Saudita.<\/p>\n<p style=\"text-align: justify;\">O evento re\u00fane representantes de 196 pa\u00edses e destaca os desafios globais da desertifica\u00e7\u00e3o, degrada\u00e7\u00e3o das terras e os impactos do desmatamento e da agricultura intensiva. Durante a abertura, especialistas alertaram que \u00e9 urgente a restaura\u00e7\u00e3o de 1,5 bilh\u00e3o de hectares de terras degradadas at\u00e9 o fim da d\u00e9cada.<\/p>\n<p style=\"text-align: justify;\">Al\u00e9m da Funceme, que est\u00e1 representada pelo presidente Eduardo S\u00e1vio Martins, o Cear\u00e1 est\u00e1 presente com a Secretaria da Ci\u00eancia, Tecnologia e Educa\u00e7\u00e3o Superior (Secitece), por meio da titular da pasta, secret\u00e1ria Sandra Monteiro; e o secret\u00e1rio de Ci\u00eancia e Tecnologia para o Desenvolvimento Social do MCTI, In\u00e1cio Arruda.<\/p>\n<p style=\"text-align: justify;\">Na COP16, os representantes do Cear\u00e1 est\u00e3o divulgando a 3\u00aa Confer\u00eancia Internacional sobre Clima, Sustentabilidade e Desenvolvimento em Regi\u00f5es Semi\u00e1ridas (ICID), que acontecer\u00e1 em 2025, em Fortaleza.<\/p>\n<p style=\"text-align: justify;\">Organizada pelo Centro de Gest\u00e3o e Estudos Estrat\u00e9gicos (CGEE), em parceria com a Secitece, a Funceme e a Secretaria do Meio Ambiente e Mudan\u00e7a do Clima, a ICID busca fortalecer o di\u00e1logo e as solu\u00e7\u00f5es para os desafios enfrentados pelas regi\u00f5es semi\u00e1ridas do mundo.<\/p>\n","protected":false},"excerpt":{"rendered":"<p>A Funda\u00e7\u00e3o Cearense de Meteorologia e Recursos H\u00eddricos (Funceme) est\u00e1 participando da Confer\u00eancia das Partes da Conven\u00e7\u00e3o das Na\u00e7\u00f5es Unidas para Combater a Desertifica\u00e7\u00e3o (COP16), em Riad, na Ar\u00e1bia Saudita.<\/p>\n","protected":false},"author":4,"featured_media":13511,"comment_status":"closed","ping_status":"open","sticky":false,"template":"","format":"standard","meta":[],"categories":[562,15],"tags":[613,98,60,612],"acf":[],"_links":{"self":[{"href":"http:\/\/www.funceme.br\/index.php?rest_route=\/wp\/v2\/posts\/13510"}],"collection":[{"href":"http:\/\/www.funceme.br\/index.php?rest_route=\/wp\/v2\/posts"}],"about":[{"href":"http:\/\/www.funceme.br\/index.php?rest_route=\/wp\/v2\/types\/post"}],"author":[{"embeddable":true,"href":"http:\/\/www.funceme.br\/index.php?rest_route=\/wp\/v2\/users\/4"}],"replies":[{"embeddable":true,"href":"http:\/\/www.funceme.br\/index.php?rest_route=%2Fwp%2Fv2%2Fcomments&post=13510"}],"version-history":[{"count":4,"href":"http:\/\/www.funceme.br\/index.php?rest_route=\/wp\/v2\/posts\/13510\/revisions"}],"predecessor-version":[{"id":13516,"href":"http:\/\/www.funceme.br\/index.php?rest_route=\/wp\/v2\/posts\/13510\/revisions\/13516"}],"wp:featuredmedia":[{"embeddable":true,"href":"http:\/\/www.funceme.br\/index.php?rest_route=\/wp\/v2\/media\/13511"}],"wp:attachment":[{"href":"http:\/\/www.funceme.br\/index.php?rest_route=%2Fwp%2Fv2%2Fmedia&parent=13510"}],"wp:term":[{"taxonomy":"category","embeddable":true,"href":"http:\/\/www.funceme.br\/index.php?rest_route=%2Fwp%2Fv2%2Fcategories&post=13510"},{"taxonomy":"post_tag","embeddable":true,"href":"http:\/\/www.funceme.br\/index.php?rest_route=%2Fwp%2Fv2%2Ftags&post=13510"}],"curies":[{"name":"wp","href":"https:\/\/api.w.org\/{rel}","templated":true}]}}