{"id":13523,"date":"2024-12-19T09:06:16","date_gmt":"2024-12-19T12:06:16","guid":{"rendered":"http:\/\/www.funceme.br\/?p=13523"},"modified":"2024-12-19T10:08:30","modified_gmt":"2024-12-19T13:08:30","slug":"ceara-segue-com-predominio-de-tempo-estavel-mas-com-possibilidade-de-chuvas-isoladas-ate-sexta-20","status":"publish","type":"post","link":"http:\/\/www.funceme.br\/?p=13523","title":{"rendered":"Cear\u00e1 segue com predom\u00ednio de tempo est\u00e1vel, mas com possibilidade de chuvas isoladas at\u00e9 sexta (20)"},"content":{"rendered":"<div id=\"attachment_13524\" style=\"width: 760px\" class=\"wp-caption aligncenter\"><img aria-describedby=\"caption-attachment-13524\" decoding=\"async\" loading=\"lazy\" class=\"wp-image-13524\" src=\"http:\/\/www.funceme.br\/wp-content\/uploads\/2024\/12\/WhatsApp-Image-2024-12-12-at-16.17.29-scaled.jpeg\" alt=\"Cariri apresenta cen\u00e1rio para precipita\u00e7\u00f5es passageiras (FOTO: Marciel Bezerra)\" width=\"750\" height=\"563\" srcset=\"http:\/\/www.funceme.br\/wp-content\/uploads\/2024\/12\/WhatsApp-Image-2024-12-12-at-16.17.29-scaled.jpeg 2560w, http:\/\/www.funceme.br\/wp-content\/uploads\/2024\/12\/WhatsApp-Image-2024-12-12-at-16.17.29-600x450.jpeg 600w, http:\/\/www.funceme.br\/wp-content\/uploads\/2024\/12\/WhatsApp-Image-2024-12-12-at-16.17.29-1200x900.jpeg 1200w, http:\/\/www.funceme.br\/wp-content\/uploads\/2024\/12\/WhatsApp-Image-2024-12-12-at-16.17.29-768x576.jpeg 768w, http:\/\/www.funceme.br\/wp-content\/uploads\/2024\/12\/WhatsApp-Image-2024-12-12-at-16.17.29-1536x1152.jpeg 1536w, http:\/\/www.funceme.br\/wp-content\/uploads\/2024\/12\/WhatsApp-Image-2024-12-12-at-16.17.29-2048x1536.jpeg 2048w\" sizes=\"(max-width: 750px) 100vw, 750px\" \/><p id=\"caption-attachment-13524\" class=\"wp-caption-text\"><span style=\"color: #6b6b6b;\"><em>Cariri apresenta cen\u00e1rio para precipita\u00e7\u00f5es passageiras (FOTO: Marciel Bezerra)<\/em><\/span><\/p><\/div>\n<p>A previs\u00e3o do tempo para os pr\u00f3ximos dois dias aponta predom\u00ednio de condi\u00e7\u00f5es est\u00e1veis, por\u00e9m, com chances de chuvas pontuais no Cear\u00e1.<\/p>\n<p>quinta-feira (19) aponta estabilidade atmosf\u00e9rica em todas as macrorregi\u00f5es do estado no per\u00edodo da tarde e noite, com exce\u00e7\u00e3o do<\/p>\n<p>De acordo com a Funda\u00e7\u00e3o Cearense de Meteorologia e Recursos H\u00eddricos (Funceme), o Cariri deve apresentar precipita\u00e7\u00e3o isolada e passageira no per\u00edodo da noite desta quinta.<\/p>\n<p>J\u00e1 para madrugada e manh\u00e3 de sexta-feira (20), h\u00e1 indicativo de chuvas isoladas no Cariri, Sert\u00e3o Central e Inhamuns, Jaguaribana, Maci\u00e7o de Baturit\u00e9 e Litoral de Fortaleza.<\/p>\n<p>Durante a tarde e noite, devido \u00e1reas de instabilidades que deve se formar no Rio Grande do Norte e Para\u00edba, deve se deslocar para regi\u00f5es da Jaguaribana, Cariri e Sert\u00e3o Central e Inhamuns.<\/p>\n<p>Calor<\/p>\n<p>A Funceme prev\u00ea temperaturas m\u00e1ximas alcan\u00e7ando valores entre 38\u00b0C e 40\u00b0C em alguns munic\u00edpios do Cariri, da Jaguaribana e do Sert\u00e3o Central e Inhamuns. Para os demais dias, deve variar de 38\u00b0C a 39\u00b0C nas mesma regi\u00f5es.<\/p>\n<p>A umidade relativa do ar deve ter valores m\u00ednimos entre 20% e 30% no centro-sul do Cear\u00e1.<\/p>\n","protected":false},"excerpt":{"rendered":"<p>A previs\u00e3o do tempo para os pr\u00f3ximos dois dias aponta predom\u00ednio de condi\u00e7\u00f5es est\u00e1veis, por\u00e9m, com chances de chuvas pontuais no Cear\u00e1.<\/p>\n","protected":false},"author":4,"featured_media":13524,"comment_status":"closed","ping_status":"open","sticky":false,"template":"","format":"standard","meta":[],"categories":[81,15],"tags":[66,50,64,371],"acf":[],"_links":{"self":[{"href":"http:\/\/www.funceme.br\/index.php?rest_route=\/wp\/v2\/posts\/13523"}],"collection":[{"href":"http:\/\/www.funceme.br\/index.php?rest_route=\/wp\/v2\/posts"}],"about":[{"href":"http:\/\/www.funceme.br\/index.php?rest_route=\/wp\/v2\/types\/post"}],"author":[{"embeddable":true,"href":"http:\/\/www.funceme.br\/index.php?rest_route=\/wp\/v2\/users\/4"}],"replies":[{"embeddable":true,"href":"http:\/\/www.funceme.br\/index.php?rest_route=%2Fwp%2Fv2%2Fcomments&post=13523"}],"version-history":[{"count":1,"href":"http:\/\/www.funceme.br\/index.php?rest_route=\/wp\/v2\/posts\/13523\/revisions"}],"predecessor-version":[{"id":13525,"href":"http:\/\/www.funceme.br\/index.php?rest_route=\/wp\/v2\/posts\/13523\/revisions\/13525"}],"wp:featuredmedia":[{"embeddable":true,"href":"http:\/\/www.funceme.br\/index.php?rest_route=\/wp\/v2\/media\/13524"}],"wp:attachment":[{"href":"http:\/\/www.funceme.br\/index.php?rest_route=%2Fwp%2Fv2%2Fmedia&parent=13523"}],"wp:term":[{"taxonomy":"category","embeddable":true,"href":"http:\/\/www.funceme.br\/index.php?rest_route=%2Fwp%2Fv2%2Fcategories&post=13523"},{"taxonomy":"post_tag","embeddable":true,"href":"http:\/\/www.funceme.br\/index.php?rest_route=%2Fwp%2Fv2%2Ftags&post=13523"}],"curies":[{"name":"wp","href":"https:\/\/api.w.org\/{rel}","templated":true}]}}